{"id":1256,"date":"2015-12-05T18:56:04","date_gmt":"2015-12-05T16:56:04","guid":{"rendered":"http:\/\/www.tv-forst-handball.de\/cms\/?p=1256"},"modified":"2015-12-05T18:24:31","modified_gmt":"2015-12-05T17:24:31","slug":"herbstmeister","status":"publish","type":"post","link":"https:\/\/www.tv-forst-handball.de\/cms\/herbstmeister\/","title":{"rendered":"Herbstmeister !!"},"content":{"rendered":"<p>Mission Herbstmeisterschaft stand am Samstag vor Nikolaus f\u00fcr die Mannschaft der A-Staffel auf dem Programm. Denn auch, wenn in diesem Jahr noch zwei Begegnungen auf dem Programm stehen, winkte uns mit einem Sieg gegen die SG Kronau\/\u00d6stringen die Chance, den Jahreswechsel als Ligaprimus zu erleben.  Um dieses Vorhaben in die Tat umzusetzen, trafen wir uns bereits zwei Stunden vor Spielbeginn in der Waldseehalle zu einer leichten Trainingseinheit. Nach dem anschlie\u00dfenden gemeinsamen Vesper starteten wir dann frisch gest\u00e4rkt ins Spiel.  Da Lukas und Finn heute leider verhindert waren, hatten wir wieder Unterst\u00fctzung durch Linus, Felix, Lucas und Daniel aus unserem Team der B-Staffel. Nahtlos f\u00fcgten sich diese in die Mannschaft ein und \u00fcberzeugten mit sch\u00f6nen Aktionen. Mit konsequentem Spiel nach vorne hatten wir dann mit 16:5 schon zur Halbzeit den Grundstein f\u00fcr den Erfolg gelegt. So hatte sich die Mannschaft zus\u00e4tzlich zum Ziel gesetzt, in der zweiten Halbzeit auch noch unbedingt jedem Mitspieler zu einem Torerfolg verhelfen. Als dies dann wenige Minuten vor dem Spielende gelang, war der Jubel fast gr\u00f6\u00dfer als nach dem eigentlichen Schlusspfiff. Ihr k\u00f6nnt stolz auf euch sein, Jungs!  Am n\u00e4chsten Sonntag k\u00e4mpfen wieder beide Mannschaften um Punkte in der Waldseehalle. Gegen den Tabellenzweiten aus Bad Sch\u00f6nborn er\u00f6ffnet die Mannschaft der A-Staffel um 10.10Uhr den Spieltag gegen. Danach m\u00f6chte dann die Mannschaft der B-Staffel um 11.25Uhr die Hinspielniederlage gegen die SG Oberderdingen\/Sulzfeld auswetzen. Die Mannschaften freuen sich \u00fcber lautstarke Unterst\u00fctzung.   <\/p>\n","protected":false},"excerpt":{"rendered":"<p>Mission Herbstmeisterschaft stand am Samstag vor Nikolaus f\u00fcr die Mannschaft der A-Staffel auf dem Programm. Denn auch, wenn in diesem Jahr noch zwei Begegnungen auf dem Programm stehen, winkte uns mit einem Sieg gegen die SG Kronau\/\u00d6stringen die Chance, den Jahreswechsel als Ligaprimus zu erleben. Um dieses Vorhaben in die Tat umzusetzen, trafen wir uns &hellip; <a href=\"https:\/\/www.tv-forst-handball.de\/cms\/herbstmeister\/\" class=\"more-link\"><span class=\"screen-reader-text\">Herbstmeister !!<\/span> weiterlesen <span class=\"meta-nav\">&rarr;<\/span><\/a><\/p>\n","protected":false},"author":1,"featured_media":1257,"comment_status":"closed","ping_status":"open","sticky":false,"template":"","format":"standard","meta":{"footnotes":""},"categories":[12],"tags":[],"class_list":["post-1256","post","type-post","status-publish","format-standard","has-post-thumbnail","hentry","category-e-jugend"],"_links":{"self":[{"href":"https:\/\/www.tv-forst-handball.de\/cms\/wp-json\/wp\/v2\/posts\/1256","targetHints":{"allow":["GET"]}}],"collection":[{"href":"https:\/\/www.tv-forst-handball.de\/cms\/wp-json\/wp\/v2\/posts"}],"about":[{"href":"https:\/\/www.tv-forst-handball.de\/cms\/wp-json\/wp\/v2\/types\/post"}],"author":[{"embeddable":true,"href":"https:\/\/www.tv-forst-handball.de\/cms\/wp-json\/wp\/v2\/users\/1"}],"replies":[{"embeddable":true,"href":"https:\/\/www.tv-forst-handball.de\/cms\/wp-json\/wp\/v2\/comments?post=1256"}],"version-history":[{"count":0,"href":"https:\/\/www.tv-forst-handball.de\/cms\/wp-json\/wp\/v2\/posts\/1256\/revisions"}],"wp:featuredmedia":[{"embeddable":true,"href":"https:\/\/www.tv-forst-handball.de\/cms\/wp-json\/wp\/v2\/media\/1257"}],"wp:attachment":[{"href":"https:\/\/www.tv-forst-handball.de\/cms\/wp-json\/wp\/v2\/media?parent=1256"}],"wp:term":[{"taxonomy":"category","embeddable":true,"href":"https:\/\/www.tv-forst-handball.de\/cms\/wp-json\/wp\/v2\/categories?post=1256"},{"taxonomy":"post_tag","embeddable":true,"href":"https:\/\/www.tv-forst-handball.de\/cms\/wp-json\/wp\/v2\/tags?post=1256"}],"curies":[{"name":"wp","href":"https:\/\/api.w.org\/{rel}","templated":true}]}}