{"id":5649,"date":"2017-01-29T10:20:38","date_gmt":"2017-01-29T09:20:38","guid":{"rendered":"http:\/\/www.tv-forst-handball.de\/cms\/?p=5649"},"modified":"2017-01-29T08:31:13","modified_gmt":"2017-01-29T07:31:13","slug":"starker-auftritt-beim-tv-calmbach","status":"publish","type":"post","link":"https:\/\/www.tv-forst-handball.de\/cms\/starker-auftritt-beim-tv-calmbach\/","title":{"rendered":"Starker Auftritt beim TV Calmbach"},"content":{"rendered":"<p>TV Calmbach &#8211; TV Forst 21:35 (12:19)<br \/>\nAm Samstagabend musste unsere Mannschaft die weiteste Reise in dieser  Runde nach Calmbach im Schwarzwald antreten. Mit guten Erinnerungen an  den deutlichen Erfolg aus der Hinrunde wollten die Forster an diese  Leistung ankn\u00fcpfen und den dritten Sieg in sechs Tagen (\u201aenglische  Woche\u2018) einfahren. Von Beginn packte man in der Defensive konzentriert  zu und lie\u00df die Schwarzw\u00e4lder selten zu einfachen Toren kommen.  Insbesondere die sonst so gef\u00e4hrliche Achse R\u00fcckraumlinks &#038; Kreisl\u00e4ufer  unterbanden die G\u00e4ste hervorragend. Unterst\u00fctzt wurde die stabile  Abwehrleistung vom gut aufgelegten Torh\u00fctergespann Scheidel\/ Pede,  welche gerade von den Au\u00dfenpositionen und vom Kreisl\u00e4ufer einige  100%-ige entsch\u00e4rften. Im Angriffsspiel konnten am Anfang des Spiel mit  einigen Ausl\u00f6sehandlungen einfache Tore erzielt werden und die G\u00e4ste  stellten schnell auf eine Manndeckung gegen Philipp B\u00f6ser um. Mit viel  Spielwitz und mehreren Ballstafetten wurde auch diese 45-Minuten  w\u00e4hrende Situation gemeistert und fast alle Spieler der Forster trugen  sich in die Torsch\u00fctzenliste ein. Der Torevorsprung wurde stetig  ausgebaut und bereits ab der 35 Minute schien der Ausw\u00e4rtssieg perfekt.  Daraufhin kamen auch die Ersatzspieler zum Einsatz und sammelten einige  Minuten Spielpraxis. Insgesamt geht der Sieg in der H\u00f6he verdient an die  Forster und man teilt sich nun mit Rintheim und Neuenb\u00fcrg den zweiten  Tabellenrang.<br \/>\n F\u00fcr Forst spielten: im Tor Dominik Scheidel, Stefano Pede<br \/>\nIm Feld: Philipp B\u00f6ser 6, Marc Fey 10\/1, Pirocco Pede 1, Michael  Bannholzer 1, Hannes Koch 4, Christoph Funke 7, Nicolas Rest, Niklas  Mika, Raphael K\u00e4stel 6 <\/p>\n","protected":false},"excerpt":{"rendered":"<p>TV Calmbach &#8211; TV Forst 21:35 (12:19) Am Samstagabend musste unsere Mannschaft die weiteste Reise in dieser Runde nach Calmbach im Schwarzwald antreten. Mit guten Erinnerungen an den deutlichen Erfolg aus der Hinrunde wollten die Forster an diese Leistung ankn\u00fcpfen und den dritten Sieg in sechs Tagen (\u201aenglische Woche\u2018) einfahren. Von Beginn packte man in &hellip; <a href=\"https:\/\/www.tv-forst-handball.de\/cms\/starker-auftritt-beim-tv-calmbach\/\" class=\"more-link\"><span class=\"screen-reader-text\">Starker Auftritt beim TV Calmbach<\/span> weiterlesen <span class=\"meta-nav\">&rarr;<\/span><\/a><\/p>\n","protected":false},"author":1,"featured_media":5650,"comment_status":"closed","ping_status":"open","sticky":false,"template":"","format":"standard","meta":{"footnotes":""},"categories":[4],"tags":[],"class_list":["post-5649","post","type-post","status-publish","format-standard","has-post-thumbnail","hentry","category-1-mannschaft"],"_links":{"self":[{"href":"https:\/\/www.tv-forst-handball.de\/cms\/wp-json\/wp\/v2\/posts\/5649","targetHints":{"allow":["GET"]}}],"collection":[{"href":"https:\/\/www.tv-forst-handball.de\/cms\/wp-json\/wp\/v2\/posts"}],"about":[{"href":"https:\/\/www.tv-forst-handball.de\/cms\/wp-json\/wp\/v2\/types\/post"}],"author":[{"embeddable":true,"href":"https:\/\/www.tv-forst-handball.de\/cms\/wp-json\/wp\/v2\/users\/1"}],"replies":[{"embeddable":true,"href":"https:\/\/www.tv-forst-handball.de\/cms\/wp-json\/wp\/v2\/comments?post=5649"}],"version-history":[{"count":0,"href":"https:\/\/www.tv-forst-handball.de\/cms\/wp-json\/wp\/v2\/posts\/5649\/revisions"}],"wp:featuredmedia":[{"embeddable":true,"href":"https:\/\/www.tv-forst-handball.de\/cms\/wp-json\/wp\/v2\/media\/5650"}],"wp:attachment":[{"href":"https:\/\/www.tv-forst-handball.de\/cms\/wp-json\/wp\/v2\/media?parent=5649"}],"wp:term":[{"taxonomy":"category","embeddable":true,"href":"https:\/\/www.tv-forst-handball.de\/cms\/wp-json\/wp\/v2\/categories?post=5649"},{"taxonomy":"post_tag","embeddable":true,"href":"https:\/\/www.tv-forst-handball.de\/cms\/wp-json\/wp\/v2\/tags?post=5649"}],"curies":[{"name":"wp","href":"https:\/\/api.w.org\/{rel}","templated":true}]}}