{"id":5725,"date":"2017-02-07T03:44:00","date_gmt":"2017-02-07T02:44:00","guid":{"rendered":"http:\/\/www.tv-forst-handball.de\/cms\/?p=5725"},"modified":"2017-02-07T02:01:00","modified_gmt":"2017-02-07T01:01:00","slug":"d2-erfolgreich-in-der-barockstadt","status":"publish","type":"post","link":"https:\/\/www.tv-forst-handball.de\/cms\/d2-erfolgreich-in-der-barockstadt\/","title":{"rendered":"D2 erfolgreich in der Barockstadt"},"content":{"rendered":"<p> Krankheits- und verletzungsbedingt etwas dezimiert, reisten wir am vergangenen Samstag zur Reserve der HSG Bruchsal\/Untergrombach. Gegen die fast nur aus M\u00e4dchen bestehende Mannschaft fanden die Jungs dann schnell ihren Rhythmus und legten bis zur 15. Minute auf 13:5 vor.<br \/>\n<br \/>In der zweiten Halbzeit taten sich die Jungs dann gegen die teilweise gro\u00df gewachsenen Spielerinnen etwas schwerer und agierten in der Deckung oft zu passiv, dennoch gelang es den Vorsprung weiter auszubauen. In den letzten 10 Spielminuten \u00fcbernahmen dann die eingewechselten m\u00e4nnlichen Spieler der HSG die Initiative und verk\u00fcrzten noch zum 23:16 Endstand f\u00fcr unsere Mannschaft.<br \/>\n<br \/>Bereits am Wochenende treffen wir dann auf die erste Mannschaft der HSG. Wir d\u00fcrfen gespannt sein, wie sich unsere Jungs hier verkaufen. Spielbeginn ist um 12.30Uhr in der Waldseehalle.<br \/>\n<br \/>Es spielten: Elias Just, Aris Grub, Jakob Megerle, Noah Wiedemann, Philipp F\u00fcrstenberg, Marvin Oetter, Finn Willenborg, Lukas Henning, Daniel Klostermeier<\/p>\n","protected":false},"excerpt":{"rendered":"<p>Krankheits- und verletzungsbedingt etwas dezimiert, reisten wir am vergangenen Samstag zur Reserve der HSG Bruchsal\/Untergrombach. Gegen die fast nur aus M\u00e4dchen bestehende Mannschaft fanden die Jungs dann schnell ihren Rhythmus und legten bis zur 15. Minute auf 13:5 vor. In der zweiten Halbzeit taten sich die Jungs dann gegen die teilweise gro\u00df gewachsenen Spielerinnen etwas &hellip; <a href=\"https:\/\/www.tv-forst-handball.de\/cms\/d2-erfolgreich-in-der-barockstadt\/\" class=\"more-link\"><span class=\"screen-reader-text\">D2 erfolgreich in der Barockstadt<\/span> weiterlesen <span class=\"meta-nav\">&rarr;<\/span><\/a><\/p>\n","protected":false},"author":1,"featured_media":0,"comment_status":"closed","ping_status":"open","sticky":false,"template":"","format":"standard","meta":{"footnotes":""},"categories":[11],"tags":[],"class_list":["post-5725","post","type-post","status-publish","format-standard","hentry","category-d-jugend"],"_links":{"self":[{"href":"https:\/\/www.tv-forst-handball.de\/cms\/wp-json\/wp\/v2\/posts\/5725","targetHints":{"allow":["GET"]}}],"collection":[{"href":"https:\/\/www.tv-forst-handball.de\/cms\/wp-json\/wp\/v2\/posts"}],"about":[{"href":"https:\/\/www.tv-forst-handball.de\/cms\/wp-json\/wp\/v2\/types\/post"}],"author":[{"embeddable":true,"href":"https:\/\/www.tv-forst-handball.de\/cms\/wp-json\/wp\/v2\/users\/1"}],"replies":[{"embeddable":true,"href":"https:\/\/www.tv-forst-handball.de\/cms\/wp-json\/wp\/v2\/comments?post=5725"}],"version-history":[{"count":0,"href":"https:\/\/www.tv-forst-handball.de\/cms\/wp-json\/wp\/v2\/posts\/5725\/revisions"}],"wp:attachment":[{"href":"https:\/\/www.tv-forst-handball.de\/cms\/wp-json\/wp\/v2\/media?parent=5725"}],"wp:term":[{"taxonomy":"category","embeddable":true,"href":"https:\/\/www.tv-forst-handball.de\/cms\/wp-json\/wp\/v2\/categories?post=5725"},{"taxonomy":"post_tag","embeddable":true,"href":"https:\/\/www.tv-forst-handball.de\/cms\/wp-json\/wp\/v2\/tags?post=5725"}],"curies":[{"name":"wp","href":"https:\/\/api.w.org\/{rel}","templated":true}]}}