{"id":5754,"date":"2017-03-19T23:17:43","date_gmt":"2017-03-19T22:17:43","guid":{"rendered":"http:\/\/www.tv-forst-handball.de\/cms\/?p=5754"},"modified":"2017-03-19T21:31:04","modified_gmt":"2017-03-19T20:31:04","slug":"tolle-leistungen-bei-der-talentiade-2","status":"publish","type":"post","link":"https:\/\/www.tv-forst-handball.de\/cms\/tolle-leistungen-bei-der-talentiade-2\/","title":{"rendered":"Tolle Leistungen bei der Talentiade"},"content":{"rendered":"<p>Am vergangenen Wochenende folgten wir mit 14 E-Jugendlichen dem Ruf des Handballs in die Sch\u00f6nbornhalle nach Mingolsheim. Jedoch stand diesmal kein Rundenspiel auf dem Programm, sondern die VR-Talentiade, ein landesweiter Koordinationswettkampf des badischen Handballverbands.<br \/>\nHierzu mussten die Kinder ihre koordinativen F\u00e4higkeiten im Seilspringen, Doppelprellen, Reifenprellen und Ball mit Ball hochhalten unter Beweis stellen. Zwischen den \u00dcbungen wurde in gemischten Teams Handball und W\u00fcrfelball gespielt. Bei dieser Gelegenheit konnten sich auch die Spieler der verschiedenen Vereine des Kreises einmal n\u00e4her beschnuppern, was als positiver Nebeneffekt der Veranstaltung gewertet werden kann.<br \/>\nVon angetretenen Kindern aus Forst \u00fcberzeugten alle mit sehr guten Leistungen. Gleich sechs Spieler konnten sich unter den besten sechzehn Teilnehmern platzieren und sind damit f\u00fcr den Kreisentscheid Anfang Mai qualifiziert.<br \/>\nJungs, wir sind stolz auf euch!<\/p>\n","protected":false},"excerpt":{"rendered":"<p>Am vergangenen Wochenende folgten wir mit 14 E-Jugendlichen dem Ruf des Handballs in die Sch\u00f6nbornhalle nach Mingolsheim. Jedoch stand diesmal kein Rundenspiel auf dem Programm, sondern die VR-Talentiade, ein landesweiter Koordinationswettkampf des badischen Handballverbands. Hierzu mussten die Kinder ihre koordinativen F\u00e4higkeiten im Seilspringen, Doppelprellen, Reifenprellen und Ball mit Ball hochhalten unter Beweis stellen. Zwischen den &hellip; <a href=\"https:\/\/www.tv-forst-handball.de\/cms\/tolle-leistungen-bei-der-talentiade-2\/\" class=\"more-link\"><span class=\"screen-reader-text\">Tolle Leistungen bei der Talentiade<\/span> weiterlesen <span class=\"meta-nav\">&rarr;<\/span><\/a><\/p>\n","protected":false},"author":1,"featured_media":5755,"comment_status":"closed","ping_status":"open","sticky":false,"template":"","format":"standard","meta":{"footnotes":""},"categories":[12],"tags":[],"class_list":["post-5754","post","type-post","status-publish","format-standard","has-post-thumbnail","hentry","category-e-jugend"],"_links":{"self":[{"href":"https:\/\/www.tv-forst-handball.de\/cms\/wp-json\/wp\/v2\/posts\/5754","targetHints":{"allow":["GET"]}}],"collection":[{"href":"https:\/\/www.tv-forst-handball.de\/cms\/wp-json\/wp\/v2\/posts"}],"about":[{"href":"https:\/\/www.tv-forst-handball.de\/cms\/wp-json\/wp\/v2\/types\/post"}],"author":[{"embeddable":true,"href":"https:\/\/www.tv-forst-handball.de\/cms\/wp-json\/wp\/v2\/users\/1"}],"replies":[{"embeddable":true,"href":"https:\/\/www.tv-forst-handball.de\/cms\/wp-json\/wp\/v2\/comments?post=5754"}],"version-history":[{"count":0,"href":"https:\/\/www.tv-forst-handball.de\/cms\/wp-json\/wp\/v2\/posts\/5754\/revisions"}],"wp:featuredmedia":[{"embeddable":true,"href":"https:\/\/www.tv-forst-handball.de\/cms\/wp-json\/wp\/v2\/media\/5755"}],"wp:attachment":[{"href":"https:\/\/www.tv-forst-handball.de\/cms\/wp-json\/wp\/v2\/media?parent=5754"}],"wp:term":[{"taxonomy":"category","embeddable":true,"href":"https:\/\/www.tv-forst-handball.de\/cms\/wp-json\/wp\/v2\/categories?post=5754"},{"taxonomy":"post_tag","embeddable":true,"href":"https:\/\/www.tv-forst-handball.de\/cms\/wp-json\/wp\/v2\/tags?post=5754"}],"curies":[{"name":"wp","href":"https:\/\/api.w.org\/{rel}","templated":true}]}}