{"id":6028,"date":"2017-09-24T21:52:06","date_gmt":"2017-09-24T19:52:06","guid":{"rendered":"http:\/\/www.tv-forst-handball.de\/cms\/?p=6028"},"modified":"2017-09-24T22:00:19","modified_gmt":"2017-09-24T20:00:19","slug":"ueberraschender-rundenauftakt-nach-mass","status":"publish","type":"post","link":"https:\/\/www.tv-forst-handball.de\/cms\/ueberraschender-rundenauftakt-nach-mass\/","title":{"rendered":"\u00dcberraschender Rundenauftakt nach Ma\u00df"},"content":{"rendered":"<p>RN L\u00f6wen 2 &#8211; TV Forst 2 8:27 ( 3:15 )<br \/>\nEin \u00fcberzeugender Auftritt zeigte unser junger Jahrgang der E-Jugend bei ihrem ersten Saisonspiel gegen die Rhein-Neckar-L\u00f6wen in der Mehrzweckhalle in Kronau. Mit einem flauen Gef\u00fchl im Magen reiste man am fr\u00fchen Sonntag Nachmittag zu unserem lang herbeigesehnten ersten Saisonspiel. Die neu formierte Mannschaft zeigte sich jedoch von der ersten Sekunde hellwach und konzentriert. Die Abwehr stand kompakt und hatte mit den beiden Torh\u00fctern Schwandt\/Maue sichere R\u00fcckhalte zwischen den Posten. Die Angriffsversuche der Gastgeber scheiterten immer wieder und die erk\u00e4mpften B\u00e4lle der Abwehr wurden von den Angriffsspielern sicher verwandelt. So konnte sich die Mannschaft von Minute zu Minute einen sicheren Spielstand heraus spielen und den Gegner auf Distanz halten. Besonders erfreulich ist, dass sich fast jeder Spieler, auch die aus der F Jugend, nachdem sie ihre anf\u00e4ngliche Nervosit\u00e4t abgelegt hatten, in die Torsch\u00fctzenliste eintragen konnten.<br \/>\nWeiter so! Starke Leistung!<br \/>\nAm kommenden Samstag findet das n\u00e4chste Spiel der Mannschaft -erneut ausw\u00e4rts- statt. Man darf gespannt sein, wie sich die Kinder gegen den HV Bad Sch\u00f6nborn schlagen, welche ihr erstes Saisonspiel ebenfalls erfolgreich gestaltet haben.<br \/>\nF\u00fcr Forst spielten: Marvin Isenmann, Max Leibold, Levin Droll, Jonas Schwandt, Anton Lackus, Felix Maue, Joshua Jungfleisch, Noah Penhallegon, Valentin B\u00f6ser, Lewin Grub, Silas Schmitt, Nico Z\u00f6ller, Leon Schwab, Tim Schmitt<\/p>\n","protected":false},"excerpt":{"rendered":"<p>RN L\u00f6wen 2 &#8211; TV Forst 2 8:27 ( 3:15 ) Ein \u00fcberzeugender Auftritt zeigte unser junger Jahrgang der E-Jugend bei ihrem ersten Saisonspiel gegen die Rhein-Neckar-L\u00f6wen in der Mehrzweckhalle in Kronau. Mit einem flauen Gef\u00fchl im Magen reiste man am fr\u00fchen Sonntag Nachmittag zu unserem lang herbeigesehnten ersten Saisonspiel. Die neu formierte Mannschaft zeigte &hellip; <a href=\"https:\/\/www.tv-forst-handball.de\/cms\/ueberraschender-rundenauftakt-nach-mass\/\" class=\"more-link\"><span class=\"screen-reader-text\">\u00dcberraschender Rundenauftakt nach Ma\u00df<\/span> weiterlesen <span class=\"meta-nav\">&rarr;<\/span><\/a><\/p>\n","protected":false},"author":1,"featured_media":0,"comment_status":"closed","ping_status":"open","sticky":false,"template":"","format":"standard","meta":{"footnotes":""},"categories":[12],"tags":[],"class_list":["post-6028","post","type-post","status-publish","format-standard","hentry","category-e-jugend"],"_links":{"self":[{"href":"https:\/\/www.tv-forst-handball.de\/cms\/wp-json\/wp\/v2\/posts\/6028","targetHints":{"allow":["GET"]}}],"collection":[{"href":"https:\/\/www.tv-forst-handball.de\/cms\/wp-json\/wp\/v2\/posts"}],"about":[{"href":"https:\/\/www.tv-forst-handball.de\/cms\/wp-json\/wp\/v2\/types\/post"}],"author":[{"embeddable":true,"href":"https:\/\/www.tv-forst-handball.de\/cms\/wp-json\/wp\/v2\/users\/1"}],"replies":[{"embeddable":true,"href":"https:\/\/www.tv-forst-handball.de\/cms\/wp-json\/wp\/v2\/comments?post=6028"}],"version-history":[{"count":0,"href":"https:\/\/www.tv-forst-handball.de\/cms\/wp-json\/wp\/v2\/posts\/6028\/revisions"}],"wp:attachment":[{"href":"https:\/\/www.tv-forst-handball.de\/cms\/wp-json\/wp\/v2\/media?parent=6028"}],"wp:term":[{"taxonomy":"category","embeddable":true,"href":"https:\/\/www.tv-forst-handball.de\/cms\/wp-json\/wp\/v2\/categories?post=6028"},{"taxonomy":"post_tag","embeddable":true,"href":"https:\/\/www.tv-forst-handball.de\/cms\/wp-json\/wp\/v2\/tags?post=6028"}],"curies":[{"name":"wp","href":"https:\/\/api.w.org\/{rel}","templated":true}]}}