{"id":6195,"date":"2018-01-07T02:01:08","date_gmt":"2018-01-07T01:01:08","guid":{"rendered":"http:\/\/www.tv-forst-handball.de\/cms\/?p=6195"},"modified":"2018-01-07T02:32:10","modified_gmt":"2018-01-07T01:32:10","slug":"jahresabschluss-der-d-jugend","status":"publish","type":"post","link":"https:\/\/www.tv-forst-handball.de\/cms\/jahresabschluss-der-d-jugend\/","title":{"rendered":"Jahresabschluss der D-Jugend"},"content":{"rendered":"<p>Mit einem z\u00fcnftigen Kabinenfest beschloss unsere D-Jugend kurz vor Weihnachten das ereignisreiche Jahr 2017. Bei Pizza, Lebkuchen und Getr\u00e4nken, lie\u00dfen die Jungs den Trainingsabend ausklingen. Ein herzliches Dankesch\u00f6n an Bj\u00f6rn Oetter, der die Beschaffung der Pizzen \u00fcbernommen hat.<br \/>\nDie D-Jugend bedankt sich auf diesem Wege auch bei allen ihren Unterst\u00fctzern und sendet die besten W\u00fcnsche f\u00fcrs Jahr 2018. <\/p>\n","protected":false},"excerpt":{"rendered":"<p>Mit einem z\u00fcnftigen Kabinenfest beschloss unsere D-Jugend kurz vor Weihnachten das ereignisreiche Jahr 2017. Bei Pizza, Lebkuchen und Getr\u00e4nken, lie\u00dfen die Jungs den Trainingsabend ausklingen. Ein herzliches Dankesch\u00f6n an Bj\u00f6rn Oetter, der die Beschaffung der Pizzen \u00fcbernommen hat. Die D-Jugend bedankt sich auf diesem Wege auch bei allen ihren Unterst\u00fctzern und sendet die besten W\u00fcnsche &hellip; <a href=\"https:\/\/www.tv-forst-handball.de\/cms\/jahresabschluss-der-d-jugend\/\" class=\"more-link\"><span class=\"screen-reader-text\">Jahresabschluss der D-Jugend<\/span> weiterlesen <span class=\"meta-nav\">&rarr;<\/span><\/a><\/p>\n","protected":false},"author":1,"featured_media":6196,"comment_status":"closed","ping_status":"open","sticky":false,"template":"","format":"standard","meta":{"footnotes":""},"categories":[11],"tags":[],"class_list":["post-6195","post","type-post","status-publish","format-standard","has-post-thumbnail","hentry","category-d-jugend"],"_links":{"self":[{"href":"https:\/\/www.tv-forst-handball.de\/cms\/wp-json\/wp\/v2\/posts\/6195","targetHints":{"allow":["GET"]}}],"collection":[{"href":"https:\/\/www.tv-forst-handball.de\/cms\/wp-json\/wp\/v2\/posts"}],"about":[{"href":"https:\/\/www.tv-forst-handball.de\/cms\/wp-json\/wp\/v2\/types\/post"}],"author":[{"embeddable":true,"href":"https:\/\/www.tv-forst-handball.de\/cms\/wp-json\/wp\/v2\/users\/1"}],"replies":[{"embeddable":true,"href":"https:\/\/www.tv-forst-handball.de\/cms\/wp-json\/wp\/v2\/comments?post=6195"}],"version-history":[{"count":0,"href":"https:\/\/www.tv-forst-handball.de\/cms\/wp-json\/wp\/v2\/posts\/6195\/revisions"}],"wp:featuredmedia":[{"embeddable":true,"href":"https:\/\/www.tv-forst-handball.de\/cms\/wp-json\/wp\/v2\/media\/6196"}],"wp:attachment":[{"href":"https:\/\/www.tv-forst-handball.de\/cms\/wp-json\/wp\/v2\/media?parent=6195"}],"wp:term":[{"taxonomy":"category","embeddable":true,"href":"https:\/\/www.tv-forst-handball.de\/cms\/wp-json\/wp\/v2\/categories?post=6195"},{"taxonomy":"post_tag","embeddable":true,"href":"https:\/\/www.tv-forst-handball.de\/cms\/wp-json\/wp\/v2\/tags?post=6195"}],"curies":[{"name":"wp","href":"https:\/\/api.w.org\/{rel}","templated":true}]}}