{"id":6301,"date":"2018-05-13T21:59:17","date_gmt":"2018-05-13T19:59:17","guid":{"rendered":"http:\/\/www.tv-forst-handball.de\/cms\/?p=6301"},"modified":"2018-05-13T22:00:23","modified_gmt":"2018-05-13T20:00:23","slug":"sportlicher-saisonabschluss","status":"publish","type":"post","link":"https:\/\/www.tv-forst-handball.de\/cms\/sportlicher-saisonabschluss\/","title":{"rendered":"sportlicher Saisonabschluss"},"content":{"rendered":"<p>Der diesj\u00e4hrige Saisonabschluss der Handballabteilung fand am vergangenen Samstag in der Waldseehalle statt. Begleitet von einem vielf\u00e4ltigen Kaffee- und Kuchen-Buffet, kam es im sportlichen Teil wieder wieder zum Aufeinandertreffen verschiedener Kinder- und Eltern-Teams. Hierzu wurde in einem Eltern-Training schon unter der Woche eifrig trainiert, damit die Erwachsenen gut vorbereitet in den Wettstreit mit ihren Spr\u00f6\u00dflingen gehen konnten.<br \/>\nDen Auftakt machte dann unsere E-Jugend gegen das M\u00fctter-Team. Ehrgeizig wurde hier um jeden Ball gek\u00e4mpft. Auch im Spiel D-Jugend gegen ein gemischtes V\u00e4ter\/M\u00fctter-Team wurde kein Ball kampflos aufgegeben. Die C-Jugend musste sich danach gegen eine reine V\u00e4ter-Mannschaft beweisen, bevor ein gemischtes A-\/B-Jugend-Team es mit einer Trainerauswahl aufnahm.<br \/>\nAuch wenn in allen Begegnungen reichlich sportlicher Ehrgeiz auf beiden Seiten gezeigt wurde, kam der Spa\u00df nat\u00fcrlich nicht zu kurz. Nach den Spielen freuten sich bereits alle auf eine Wiederholung im n\u00e4chsten Jahr.<br \/>\nIm Anschluss an die Handballspiele wurde dann endg\u00fcltig der gem\u00fctliche Teil eingel\u00e4utet. Bei Gegrilltem, Salat vom reichhaltigen Buffet und k\u00fchlen Getr\u00e4nken, wurden der Tag und die vergangene Saison nochmals ausgiebig und bis sp\u00e4t in die Nacht reflektiert.<\/p>\n","protected":false},"excerpt":{"rendered":"<p>Der diesj\u00e4hrige Saisonabschluss der Handballabteilung fand am vergangenen Samstag in der Waldseehalle statt. Begleitet von einem vielf\u00e4ltigen Kaffee- und Kuchen-Buffet, kam es im sportlichen Teil wieder wieder zum Aufeinandertreffen verschiedener Kinder- und Eltern-Teams. Hierzu wurde in einem Eltern-Training schon unter der Woche eifrig trainiert, damit die Erwachsenen gut vorbereitet in den Wettstreit mit ihren Spr\u00f6\u00dflingen &hellip; <a href=\"https:\/\/www.tv-forst-handball.de\/cms\/sportlicher-saisonabschluss\/\" class=\"more-link\"><span class=\"screen-reader-text\">sportlicher Saisonabschluss<\/span> weiterlesen <span class=\"meta-nav\">&rarr;<\/span><\/a><\/p>\n","protected":false},"author":1,"featured_media":6302,"comment_status":"closed","ping_status":"open","sticky":false,"template":"","format":"standard","meta":{"footnotes":""},"categories":[1],"tags":[],"class_list":["post-6301","post","type-post","status-publish","format-standard","has-post-thumbnail","hentry","category-allgemein"],"_links":{"self":[{"href":"https:\/\/www.tv-forst-handball.de\/cms\/wp-json\/wp\/v2\/posts\/6301","targetHints":{"allow":["GET"]}}],"collection":[{"href":"https:\/\/www.tv-forst-handball.de\/cms\/wp-json\/wp\/v2\/posts"}],"about":[{"href":"https:\/\/www.tv-forst-handball.de\/cms\/wp-json\/wp\/v2\/types\/post"}],"author":[{"embeddable":true,"href":"https:\/\/www.tv-forst-handball.de\/cms\/wp-json\/wp\/v2\/users\/1"}],"replies":[{"embeddable":true,"href":"https:\/\/www.tv-forst-handball.de\/cms\/wp-json\/wp\/v2\/comments?post=6301"}],"version-history":[{"count":0,"href":"https:\/\/www.tv-forst-handball.de\/cms\/wp-json\/wp\/v2\/posts\/6301\/revisions"}],"wp:featuredmedia":[{"embeddable":true,"href":"https:\/\/www.tv-forst-handball.de\/cms\/wp-json\/wp\/v2\/media\/6302"}],"wp:attachment":[{"href":"https:\/\/www.tv-forst-handball.de\/cms\/wp-json\/wp\/v2\/media?parent=6301"}],"wp:term":[{"taxonomy":"category","embeddable":true,"href":"https:\/\/www.tv-forst-handball.de\/cms\/wp-json\/wp\/v2\/categories?post=6301"},{"taxonomy":"post_tag","embeddable":true,"href":"https:\/\/www.tv-forst-handball.de\/cms\/wp-json\/wp\/v2\/tags?post=6301"}],"curies":[{"name":"wp","href":"https:\/\/api.w.org\/{rel}","templated":true}]}}