{"id":6528,"date":"2019-02-11T22:48:57","date_gmt":"2019-02-11T21:48:57","guid":{"rendered":"http:\/\/www.tv-forst-handball.de\/cms\/?p=6528"},"modified":"2019-02-11T23:00:49","modified_gmt":"2019-02-11T22:00:49","slug":"d-jugend-punktet-auswaerts-und-zu-hause","status":"publish","type":"post","link":"https:\/\/www.tv-forst-handball.de\/cms\/d-jugend-punktet-auswaerts-und-zu-hause\/","title":{"rendered":"D-Jugend punktet ausw\u00e4rts und zu Hause"},"content":{"rendered":"<p>Mit zwei Erfolgen konnten unsere D-Jugenden ihren Doppelspieltag am vergangenen Wochenende beenden. Die D1 war am Samstag in der B\u00fchnsporthalle in Malsch gefordert. Auch wenn wir in knapper Besetzung angetreten waren, wollten wir uns gegen den Gastgeber, der im unteren Drittel der Tabelle rangiert, keinen Ausrutscher leisten. Nach erstem Abtasten gelang es unseren Jungs bis zur Mitte der ersten Halbzeit einen Vorsprung von 7:3 zu erarbeiten. Gegen die gut k\u00e4mpfenden Malscher Jungs konnte unsere Mannschaft immer wieder Ballgewinne erzielen und diese in einfache Tore vewandeln. Auch die j\u00fcngeren Spieler \u00fcbernahmen wieder Verantwortung und leisteten ihren Beitrag zum am Ende ungef\u00e4hrdeten Ausw\u00e4rtserfolg. Die SG Heidelsheim\/Helmsheim\/Gondelsheim gastierte dann am Sonntagnachmittag bei der D2 in der Waldseehalle. Erst vor zwei Wochen war man sich zum Hinspiel begegnet und wollte den damaligen Erfolg nat\u00fcrlich wiederholen. Und unsere Jungs lieferten einen Start nach Ma\u00df. Beim 10:2 hatte man sich bis zur 10.Minute bereits sehr gut positioniert. Die eingewechselten Spieler f\u00fcgten sich allesamt gut  ein und zeigten immer wieder sch\u00f6ne Aktionen. In der defensiver gef\u00fchrten zweiten Spielh\u00e4lfte hatte unser Team dann zun\u00e4chst etwas Probleme mit der Zuordnung zum Gegner und kassierte einige zu einfache Gegentreffer. So schmolz der 16:10 Halbzeitstand binnen f\u00fcnf Minuten auf 17:14 zusammen. Am eigenen Kragen und mit einem Zwischenspurt auf 20:14 zogen unsere Jungs den Kopf dann aber doch wieder aus der Schlinge. Diesen Vorsprung gab die Mannschaft bis zum Ende (27:22) nicht mehr ab. Herzlichen Dank auch an Jonas aus der E-Jugend, der bereit war kurzfristig als Torwart einzuspringen.<\/p>\n","protected":false},"excerpt":{"rendered":"<p>Mit zwei Erfolgen konnten unsere D-Jugenden ihren Doppelspieltag am vergangenen Wochenende beenden. Die D1 war am Samstag in der B\u00fchnsporthalle in Malsch gefordert. Auch wenn wir in knapper Besetzung angetreten waren, wollten wir uns gegen den Gastgeber, der im unteren Drittel der Tabelle rangiert, keinen Ausrutscher leisten. Nach erstem Abtasten gelang es unseren Jungs bis &hellip; <a href=\"https:\/\/www.tv-forst-handball.de\/cms\/d-jugend-punktet-auswaerts-und-zu-hause\/\" class=\"more-link\"><span class=\"screen-reader-text\">D-Jugend punktet ausw\u00e4rts und zu Hause<\/span> weiterlesen <span class=\"meta-nav\">&rarr;<\/span><\/a><\/p>\n","protected":false},"author":1,"featured_media":0,"comment_status":"closed","ping_status":"open","sticky":false,"template":"","format":"standard","meta":{"footnotes":""},"categories":[11],"tags":[],"class_list":["post-6528","post","type-post","status-publish","format-standard","hentry","category-d-jugend"],"_links":{"self":[{"href":"https:\/\/www.tv-forst-handball.de\/cms\/wp-json\/wp\/v2\/posts\/6528","targetHints":{"allow":["GET"]}}],"collection":[{"href":"https:\/\/www.tv-forst-handball.de\/cms\/wp-json\/wp\/v2\/posts"}],"about":[{"href":"https:\/\/www.tv-forst-handball.de\/cms\/wp-json\/wp\/v2\/types\/post"}],"author":[{"embeddable":true,"href":"https:\/\/www.tv-forst-handball.de\/cms\/wp-json\/wp\/v2\/users\/1"}],"replies":[{"embeddable":true,"href":"https:\/\/www.tv-forst-handball.de\/cms\/wp-json\/wp\/v2\/comments?post=6528"}],"version-history":[{"count":0,"href":"https:\/\/www.tv-forst-handball.de\/cms\/wp-json\/wp\/v2\/posts\/6528\/revisions"}],"wp:attachment":[{"href":"https:\/\/www.tv-forst-handball.de\/cms\/wp-json\/wp\/v2\/media?parent=6528"}],"wp:term":[{"taxonomy":"category","embeddable":true,"href":"https:\/\/www.tv-forst-handball.de\/cms\/wp-json\/wp\/v2\/categories?post=6528"},{"taxonomy":"post_tag","embeddable":true,"href":"https:\/\/www.tv-forst-handball.de\/cms\/wp-json\/wp\/v2\/tags?post=6528"}],"curies":[{"name":"wp","href":"https:\/\/api.w.org\/{rel}","templated":true}]}}