{"id":6685,"date":"2019-09-16T17:13:08","date_gmt":"2019-09-16T15:13:08","guid":{"rendered":"http:\/\/www.tv-forst-handball.de\/cms\/?p=6685"},"modified":"2019-09-16T17:31:03","modified_gmt":"2019-09-16T15:31:03","slug":"arbeitssieg-in-der-waldseehalle","status":"publish","type":"post","link":"https:\/\/www.tv-forst-handball.de\/cms\/arbeitssieg-in-der-waldseehalle\/","title":{"rendered":"Arbeitssieg in der Waldseehalle"},"content":{"rendered":"<p>TV Forst \u0096 TV Ispringen 2 27:25 (11:13)<br \/>\nEine Energieleistung war erforderlich, um unserer 1.Herrenmannschaft am vergangenen Sonntag einen positiven Start in die neue Saison in der Bezirksliga Bruchsal Pforzheim zu erm\u00f6glichen.<br \/>\nGegen die mit einigen Spielern des Verbandsligakaders angereisten G\u00e4ste aus Ispringen begann man nerv\u00f6s und musste zun\u00e4chst einmal einem R\u00fcckstand hinterherlaufen. Zwar stand die Abwehr \u00fcber weite Strecken sicher, im Angriff war allerdings noch erheblich Sand im Getriebe. So konnte erst in der 18. Spielminute beim Stande von 5:5 der Ausgleich geschafft werden. Doch sollte dies immer noch nicht ausreichen, um der Mannschaft die erforderliche Sicherheit zu geben. Ein gro\u00dfes Manko in dieser Phase, aber auch \u00fcber die gesamte Spieldauer, war dabei die Quote von der Siebenmeter-Linie. Von sechs Versuchen konnte nur einer im Tor platziert werden. So konnte Ispringen weiter mit ein bis zwei Toren die Oberhand behalten und mit 11:13 in die Kabine gehen.<br \/>\nTrainer Sch\u00fcssler fand in der Pause dann offensichtlich die richtigen Worte, denn nachdem binnen zwei Minuten der Ausgleich geschafft war, begann die st\u00e4kste Phase unserer M\u00e4nner. Die Abwehr stand nun sicher und konnte daraus einige Ballgewinne erzielen. Da auch vorne die B\u00e4lle endlich sicher verwandelt wurden, war innerhalb 10 Minuten ein Vorsprung zum 23:16 erspielt. Wer dachte der Drops w\u00e4re jetzt gelutscht, hatte sich aber in der Moral der Enzt\u00e4ler get\u00e4uscht. W\u00e4hrend die  Ispringer tapfer k\u00e4mpften, verfolgten unsere Mannschaft wieder die Probleme  vom Anfang des Spiels. Mit einer Serie von 9:1 Treffern waren in der 57. Spielminute pl\u00f6tzlich wieder die G\u00e4ste in Front. In der kaum in Spannung zu \u00fcberbietenden Schlussphase schafften unsere M\u00e4nner dann aber nochmals die Wende. Marcel Haseloff im Tor nagelte in den letzten Minuten sein Tor zu und im Angriff konnte Etienne Guillaume und Irnes Sedic mit feinen Einzelleistungen die notwendigen Treffer zum 27:25 Endstand im Netz unterbringen.<br \/>\nEs spielten:  Im Tor: Marcel Haseloff, J\u00fcrgen Megerle Im Feld: Philipp Daniels, Lukas Dunke, Moritz Weps, Irnes Sedic, Philipp Beyer, Marius Lackus, Matthieu Bederke, Etienne Guillaume, Niklas Mika, Nicolas Rest, Robin Hauser<\/p>\n","protected":false},"excerpt":{"rendered":"<p>TV Forst \u0096 TV Ispringen 2 27:25 (11:13) Eine Energieleistung war erforderlich, um unserer 1.Herrenmannschaft am vergangenen Sonntag einen positiven Start in die neue Saison in der Bezirksliga Bruchsal Pforzheim zu erm\u00f6glichen. Gegen die mit einigen Spielern des Verbandsligakaders angereisten G\u00e4ste aus Ispringen begann man nerv\u00f6s und musste zun\u00e4chst einmal einem R\u00fcckstand hinterherlaufen. Zwar stand &hellip; <a href=\"https:\/\/www.tv-forst-handball.de\/cms\/arbeitssieg-in-der-waldseehalle\/\" class=\"more-link\"><span class=\"screen-reader-text\">Arbeitssieg in der Waldseehalle<\/span> weiterlesen <span class=\"meta-nav\">&rarr;<\/span><\/a><\/p>\n","protected":false},"author":1,"featured_media":6686,"comment_status":"closed","ping_status":"open","sticky":false,"template":"","format":"standard","meta":{"footnotes":""},"categories":[4],"tags":[],"class_list":["post-6685","post","type-post","status-publish","format-standard","has-post-thumbnail","hentry","category-1-mannschaft"],"_links":{"self":[{"href":"https:\/\/www.tv-forst-handball.de\/cms\/wp-json\/wp\/v2\/posts\/6685","targetHints":{"allow":["GET"]}}],"collection":[{"href":"https:\/\/www.tv-forst-handball.de\/cms\/wp-json\/wp\/v2\/posts"}],"about":[{"href":"https:\/\/www.tv-forst-handball.de\/cms\/wp-json\/wp\/v2\/types\/post"}],"author":[{"embeddable":true,"href":"https:\/\/www.tv-forst-handball.de\/cms\/wp-json\/wp\/v2\/users\/1"}],"replies":[{"embeddable":true,"href":"https:\/\/www.tv-forst-handball.de\/cms\/wp-json\/wp\/v2\/comments?post=6685"}],"version-history":[{"count":0,"href":"https:\/\/www.tv-forst-handball.de\/cms\/wp-json\/wp\/v2\/posts\/6685\/revisions"}],"wp:featuredmedia":[{"embeddable":true,"href":"https:\/\/www.tv-forst-handball.de\/cms\/wp-json\/wp\/v2\/media\/6686"}],"wp:attachment":[{"href":"https:\/\/www.tv-forst-handball.de\/cms\/wp-json\/wp\/v2\/media?parent=6685"}],"wp:term":[{"taxonomy":"category","embeddable":true,"href":"https:\/\/www.tv-forst-handball.de\/cms\/wp-json\/wp\/v2\/categories?post=6685"},{"taxonomy":"post_tag","embeddable":true,"href":"https:\/\/www.tv-forst-handball.de\/cms\/wp-json\/wp\/v2\/tags?post=6685"}],"curies":[{"name":"wp","href":"https:\/\/api.w.org\/{rel}","templated":true}]}}