{"id":6688,"date":"2019-09-16T20:30:44","date_gmt":"2019-09-16T18:30:44","guid":{"rendered":"http:\/\/www.tv-forst-handball.de\/cms\/?p=6688"},"modified":"2019-09-16T20:32:58","modified_gmt":"2019-09-16T18:32:58","slug":"d1-jugend-startet-erfolgreich-in-die-neue-saison","status":"publish","type":"post","link":"https:\/\/www.tv-forst-handball.de\/cms\/d1-jugend-startet-erfolgreich-in-die-neue-saison\/","title":{"rendered":"D1-Jugend: Startet erfolgreich in die neue Saison"},"content":{"rendered":"<p>TV Forst 1 &#8211; Post SV Karlsruhe 21:20 (12:9)<br \/>\nIm ersten Spiel der Saison sicherte sich der TV Forst zu Hause die ersten Punkte gegen die G\u00e4ste aus Karlsruhe. Erwartungsvoll und voller Vorfreude startete die neu formierte Mannschaft von Trainergespann Droll\/Richter in die neue Saison. Nach der langen Sommerpause und der Integration der neuen Spieler stand heute nun das erste Spiel gegen einen unbekannten Gegner an. Gerade die Anfangsminuten zeigten den Zuschauern in der Sporthalle ein ausgeglichenes Spiel mit leichtem Vorteil f\u00fcr unsere Kinder. Die Abwehr stand kompakt und brachte die G\u00e4ste immer wieder unter Zugzwang. Die eroberten B\u00e4lle brachte die Mannschaft immer wieder in Ballbesitz und Forst konnte sich leicht absetzen. Mit anhaltender Spieldauer fanden die G\u00e4ste jedoch immer besser ins Spiel und lie\u00dfen sich nicht absch\u00fctteln. Gerade der Kreisl\u00e4ufer war immer wieder im Mittelpunkt und brachte die Heimabwehr zur Verzweiflung. Die zweite Halbzeit begann mit zwei Fehlw\u00fcrfen, wodurch Karlsruhe Morgenluft witterte und das Ergebnis verringern konnte. Immer \u00f6fter ergaben sich L\u00fccken in der Forster Abwehr. Zu passiv agierte die Mannschaft zu diesem Zeitpunkt und beide Mannschaften marschierten im Gleichschritt bis Post SV sogar ausgleichen konnte. Unsere Kinder hielten dagegen und lie\u00dfen zu keinem Zeitpunkt eine F\u00fchrung der G\u00e4ste zu. In einer spannenden Schlussphase erzielte Forst 50 Sekunden vor Spielende die 21:20 F\u00fchrung. 40 Sekunden vor Spielende musste man nochmals die letzten Kraftreserven b\u00fcndeln und in der Abwehr alles geben &#8211; mit Erfolg. Karlsruhe wurde zu einem technischen Fehler gebracht und wir kamen doch nochmals in Ballbesitz. Die offene Manndeckung der G\u00e4ste brachte keinen Erfolg und Forst rettet das Ergebnis und f\u00e4hrt die ersten Punkte ein. Ein spannendes Spiel gegen einen Gegner auf Augenh\u00f6he konnte am Ende mit einem blauen Auge gewonnen werden. Gratulation an die Mannschaft zu den ersten Punkten.<br \/>\nF\u00fcr Forst spielten: Im Tor: Jonas Schwandt, Simon Mohr<br \/>\nIm Feld: Lewin G. (4), Yannik Fischer, Marvin Isenmann, Levin Droll (6), Ben Weiler, Anton Lackus (11), Nico Z\u00f6ller (1), Silas Schmitt, Aaron Scherer (1), Linus Roth (1)<\/p>\n","protected":false},"excerpt":{"rendered":"<p>TV Forst 1 &#8211; Post SV Karlsruhe 21:20 (12:9) Im ersten Spiel der Saison sicherte sich der TV Forst zu Hause die ersten Punkte gegen die G\u00e4ste aus Karlsruhe. Erwartungsvoll und voller Vorfreude startete die neu formierte Mannschaft von Trainergespann Droll\/Richter in die neue Saison. Nach der langen Sommerpause und der Integration der neuen Spieler &hellip; <a href=\"https:\/\/www.tv-forst-handball.de\/cms\/d1-jugend-startet-erfolgreich-in-die-neue-saison\/\" class=\"more-link\"><span class=\"screen-reader-text\">D1-Jugend: Startet erfolgreich in die neue Saison<\/span> weiterlesen <span class=\"meta-nav\">&rarr;<\/span><\/a><\/p>\n","protected":false},"author":1,"featured_media":0,"comment_status":"closed","ping_status":"open","sticky":false,"template":"","format":"standard","meta":{"footnotes":""},"categories":[1],"tags":[],"class_list":["post-6688","post","type-post","status-publish","format-standard","hentry","category-allgemein"],"_links":{"self":[{"href":"https:\/\/www.tv-forst-handball.de\/cms\/wp-json\/wp\/v2\/posts\/6688","targetHints":{"allow":["GET"]}}],"collection":[{"href":"https:\/\/www.tv-forst-handball.de\/cms\/wp-json\/wp\/v2\/posts"}],"about":[{"href":"https:\/\/www.tv-forst-handball.de\/cms\/wp-json\/wp\/v2\/types\/post"}],"author":[{"embeddable":true,"href":"https:\/\/www.tv-forst-handball.de\/cms\/wp-json\/wp\/v2\/users\/1"}],"replies":[{"embeddable":true,"href":"https:\/\/www.tv-forst-handball.de\/cms\/wp-json\/wp\/v2\/comments?post=6688"}],"version-history":[{"count":0,"href":"https:\/\/www.tv-forst-handball.de\/cms\/wp-json\/wp\/v2\/posts\/6688\/revisions"}],"wp:attachment":[{"href":"https:\/\/www.tv-forst-handball.de\/cms\/wp-json\/wp\/v2\/media?parent=6688"}],"wp:term":[{"taxonomy":"category","embeddable":true,"href":"https:\/\/www.tv-forst-handball.de\/cms\/wp-json\/wp\/v2\/categories?post=6688"},{"taxonomy":"post_tag","embeddable":true,"href":"https:\/\/www.tv-forst-handball.de\/cms\/wp-json\/wp\/v2\/tags?post=6688"}],"curies":[{"name":"wp","href":"https:\/\/api.w.org\/{rel}","templated":true}]}}