{"id":6707,"date":"2019-09-30T21:53:41","date_gmt":"2019-09-30T19:53:41","guid":{"rendered":"http:\/\/www.tv-forst-handball.de\/cms\/?p=6707"},"modified":"2019-09-30T22:00:28","modified_gmt":"2019-09-30T20:00:28","slug":"d1-erwischt-eine-rabenschwarzen-tag","status":"publish","type":"post","link":"https:\/\/www.tv-forst-handball.de\/cms\/d1-erwischt-eine-rabenschwarzen-tag\/","title":{"rendered":"D1 erwischt eine rabenschwarzen Tag"},"content":{"rendered":"<p>TSV Knittlingen &#8211; TV Forst 1 23:13 (15:8) Mehr ausgerechnet hatte man sich beim zweiten Ausw\u00e4rtsspiel in Folge in Knittlingen. Der Gegner, auf den wir bereits im September zweimal beim MohrCup in Forst trafen, hatte uns bereits bezwungen, musste dann aber im entscheidenden Spiel um Platz 3 eine Niederlage gegen unsere junge Mannschaft einstecken.<br \/>\nDas Spiel begann sehr zerfahren und Forst agierte sehr nerv\u00f6s. Die Abwehr bekam heute gerade in den Anfangsminuten kein Bezug zum Spiel und Knittlingen kam zu einfachen Toren durch sch\u00f6n heraus gespielte Kombinationen. Die Nervosit\u00e4t und die Unsicherheit in der Abwehr spiegelte sich auch im Angriffsspiel der Forster Mannschaft wider.<br \/>\nOhne Druck von der gegnerischen Abwehr wurden zu viele technische Fehler produziert, welche den Gastgeber immer wieder in Ballbesitz brachten und eiskalt genutzt wurden.<br \/>\nAuch die Auszeit und Motivationsversuche der Trainer brachten heute nicht den gew\u00fcnschten Effekt und man verabschiedete sich mit h\u00e4ngenden K\u00f6pfen in die Halbzeitpause.<br \/>\nNach der Pause zeigte sich die Mannschaft mit einem anderen Gesicht. Die Abwehr konnte sich stabilisieren und wehrte sich nun endlich gegen einen stark aufspielenden Gegner. Doch der Angriff blieb heute das gro\u00dfe Problem. Es fehlte einfach die Konzentration und der unbedingte Wille sich die erarbeiteten Chancen auch zu belohnen. Chancen waren da, aber die Jungs scheiterten an sich selbst und an einem guten G\u00e4ste-Keeper der sich oftmals hervorragend in Szene setzte.<br \/>\nForst fand heute zu keinem Zeitpunkt ins Spiel, zeigte aber in der zweiten Halbzeit ein anderes Gesicht, ohne jedoch zu \u00fcberzeugen.<br \/>\nDer TSV Knittlingen gewinnt auch in dieser H\u00f6he hoch verdient und bleibt weiterhin ungeschlagen an der Tabellenspitze der Landesliga.<\/p>\n","protected":false},"excerpt":{"rendered":"<p>TSV Knittlingen &#8211; TV Forst 1 23:13 (15:8) Mehr ausgerechnet hatte man sich beim zweiten Ausw\u00e4rtsspiel in Folge in Knittlingen. Der Gegner, auf den wir bereits im September zweimal beim MohrCup in Forst trafen, hatte uns bereits bezwungen, musste dann aber im entscheidenden Spiel um Platz 3 eine Niederlage gegen unsere junge Mannschaft einstecken. Das &hellip; <a href=\"https:\/\/www.tv-forst-handball.de\/cms\/d1-erwischt-eine-rabenschwarzen-tag\/\" class=\"more-link\"><span class=\"screen-reader-text\">D1 erwischt eine rabenschwarzen Tag<\/span> weiterlesen <span class=\"meta-nav\">&rarr;<\/span><\/a><\/p>\n","protected":false},"author":1,"featured_media":0,"comment_status":"closed","ping_status":"open","sticky":false,"template":"","format":"standard","meta":{"footnotes":""},"categories":[11],"tags":[],"class_list":["post-6707","post","type-post","status-publish","format-standard","hentry","category-d-jugend"],"_links":{"self":[{"href":"https:\/\/www.tv-forst-handball.de\/cms\/wp-json\/wp\/v2\/posts\/6707","targetHints":{"allow":["GET"]}}],"collection":[{"href":"https:\/\/www.tv-forst-handball.de\/cms\/wp-json\/wp\/v2\/posts"}],"about":[{"href":"https:\/\/www.tv-forst-handball.de\/cms\/wp-json\/wp\/v2\/types\/post"}],"author":[{"embeddable":true,"href":"https:\/\/www.tv-forst-handball.de\/cms\/wp-json\/wp\/v2\/users\/1"}],"replies":[{"embeddable":true,"href":"https:\/\/www.tv-forst-handball.de\/cms\/wp-json\/wp\/v2\/comments?post=6707"}],"version-history":[{"count":0,"href":"https:\/\/www.tv-forst-handball.de\/cms\/wp-json\/wp\/v2\/posts\/6707\/revisions"}],"wp:attachment":[{"href":"https:\/\/www.tv-forst-handball.de\/cms\/wp-json\/wp\/v2\/media?parent=6707"}],"wp:term":[{"taxonomy":"category","embeddable":true,"href":"https:\/\/www.tv-forst-handball.de\/cms\/wp-json\/wp\/v2\/categories?post=6707"},{"taxonomy":"post_tag","embeddable":true,"href":"https:\/\/www.tv-forst-handball.de\/cms\/wp-json\/wp\/v2\/tags?post=6707"}],"curies":[{"name":"wp","href":"https:\/\/api.w.org\/{rel}","templated":true}]}}