{"id":6723,"date":"2019-10-25T14:04:56","date_gmt":"2019-10-25T12:04:56","guid":{"rendered":"http:\/\/www.tv-forst-handball.de\/cms\/?p=6723"},"modified":"2019-10-25T14:04:56","modified_gmt":"2019-10-25T12:04:56","slug":"handballfieber","status":"publish","type":"post","link":"https:\/\/www.tv-forst-handball.de\/cms\/handballfieber\/","title":{"rendered":"Handballfieber"},"content":{"rendered":"\n<p style=\"text-align:center\"><strong>Die zweiten Klassen im Handballfieber<\/strong><\/p>\n\n\n\n<p>Wie schon die vergangenen Jahre lud der TV Forst auch dieses Jahr alle Sch\u00fcler und Sch\u00fclerinnen der zweiten Klassen zum Handballaktionstag in die Waldseehalle ein.<br> An verschiedenen Stationen konnten die Kinder ihre F\u00e4higkeiten in den einzelnen Disziplinen erproben. Ob fangen und werfen, Gleichgewicht, Klettern oder Seilspringen. F\u00fcr jeden war etwas dabei.<br> Nat\u00fcrlich wurde dann auch auf einem Spielfeld das Erlernte direkt umgesetzt und alle durften im Mattenball ihre Talente zeigen. Spannende Spiele wurden ausgetragen.<br> Auch die Pausen kamen nicht zu kurz, im eigens eingerichteten \u201eHandballkino\u201c wurde ein kurzer Film angeschaut und w\u00e4hrenddessen Obst genascht und der gro\u00dfe Durst mit Wasser gestillt.<br> Am Ende des viel zu kurzen Vormittags gingen die Sch\u00fcler mit strahlenden Gesichtern zur\u00fcck in die Schule und so manch Eine(r) hat hoffentlich die Freude an dem tollen Sport Handball gefunden.<br> Ganz tolle Helfer fanden sich in den Sch\u00fclern der 9. und 10. Klasse der GMS, welche die verschiedenen Teams betreut haben und mit viel Engagement bei der Sache waren. Ein gro\u00dfer Dank gilt auch den Schulsanit\u00e4tern, die sich f\u00fcrsorglich um jede noch so kleine Verletzung gek\u00fcmmert haben.<br> Der TV Forst Abteilung Handball bedankt sich f\u00fcr die tolle Zusammenarbeit mit der Lu\u00dfhardt GMS und freut sich bereits jetzt auf den kommenden Handballspieltag, an dem dann alle Klassen der Grundschule teilnehmen.<\/p>\n\n\n\n<p><br> A.J.<\/p>\n\n\n\n<figure class=\"wp-block-image\"><img loading=\"lazy\" decoding=\"async\" width=\"1024\" height=\"768\" src=\"https:\/\/www.tv-forst-handball.de\/cms\/wp-content\/uploads\/2019\/10\/Bild-1-1024x768.jpg\" alt=\"\" class=\"wp-image-6724\" srcset=\"https:\/\/www.tv-forst-handball.de\/cms\/wp-content\/uploads\/2019\/10\/Bild-1.jpg 1024w, https:\/\/www.tv-forst-handball.de\/cms\/wp-content\/uploads\/2019\/10\/Bild-1-300x225.jpg 300w, https:\/\/www.tv-forst-handball.de\/cms\/wp-content\/uploads\/2019\/10\/Bild-1-768x576.jpg 768w\" sizes=\"auto, (max-width: 1024px) 100vw, 1024px\" \/><\/figure>\n\n\n\n<figure class=\"wp-block-image\"><img loading=\"lazy\" decoding=\"async\" width=\"1024\" height=\"768\" src=\"https:\/\/www.tv-forst-handball.de\/cms\/wp-content\/uploads\/2019\/10\/Bild-2-1-1024x768.jpg\" alt=\"\" class=\"wp-image-6731\" srcset=\"https:\/\/www.tv-forst-handball.de\/cms\/wp-content\/uploads\/2019\/10\/Bild-2-1.jpg 1024w, https:\/\/www.tv-forst-handball.de\/cms\/wp-content\/uploads\/2019\/10\/Bild-2-1-300x225.jpg 300w, https:\/\/www.tv-forst-handball.de\/cms\/wp-content\/uploads\/2019\/10\/Bild-2-1-768x576.jpg 768w\" sizes=\"auto, (max-width: 1024px) 100vw, 1024px\" \/><\/figure>\n\n\n\n<figure class=\"wp-block-image\"><img loading=\"lazy\" decoding=\"async\" width=\"1024\" height=\"768\" src=\"https:\/\/www.tv-forst-handball.de\/cms\/wp-content\/uploads\/2019\/10\/Bild-3-1-1024x768.jpg\" alt=\"\" class=\"wp-image-6732\" srcset=\"https:\/\/www.tv-forst-handball.de\/cms\/wp-content\/uploads\/2019\/10\/Bild-3-1.jpg 1024w, https:\/\/www.tv-forst-handball.de\/cms\/wp-content\/uploads\/2019\/10\/Bild-3-1-300x225.jpg 300w, https:\/\/www.tv-forst-handball.de\/cms\/wp-content\/uploads\/2019\/10\/Bild-3-1-768x576.jpg 768w\" sizes=\"auto, (max-width: 1024px) 100vw, 1024px\" \/><\/figure>\n\n\n\n<figure class=\"wp-block-image\"><img loading=\"lazy\" decoding=\"async\" width=\"1024\" height=\"768\" src=\"https:\/\/www.tv-forst-handball.de\/cms\/wp-content\/uploads\/2019\/10\/Bild-4-1-1024x768.jpg\" alt=\"\" class=\"wp-image-6733\" srcset=\"https:\/\/www.tv-forst-handball.de\/cms\/wp-content\/uploads\/2019\/10\/Bild-4-1.jpg 1024w, https:\/\/www.tv-forst-handball.de\/cms\/wp-content\/uploads\/2019\/10\/Bild-4-1-300x225.jpg 300w, https:\/\/www.tv-forst-handball.de\/cms\/wp-content\/uploads\/2019\/10\/Bild-4-1-768x576.jpg 768w\" sizes=\"auto, (max-width: 1024px) 100vw, 1024px\" \/><\/figure>\n\n\n\n<figure class=\"wp-block-image\"><img loading=\"lazy\" decoding=\"async\" width=\"1024\" height=\"768\" src=\"https:\/\/www.tv-forst-handball.de\/cms\/wp-content\/uploads\/2019\/10\/Bild-5-1-1024x768.jpg\" alt=\"\" class=\"wp-image-6734\" srcset=\"https:\/\/www.tv-forst-handball.de\/cms\/wp-content\/uploads\/2019\/10\/Bild-5-1.jpg 1024w, https:\/\/www.tv-forst-handball.de\/cms\/wp-content\/uploads\/2019\/10\/Bild-5-1-300x225.jpg 300w, https:\/\/www.tv-forst-handball.de\/cms\/wp-content\/uploads\/2019\/10\/Bild-5-1-768x576.jpg 768w\" sizes=\"auto, (max-width: 1024px) 100vw, 1024px\" \/><\/figure>\n\n\n\n<figure class=\"wp-block-image\"><img loading=\"lazy\" decoding=\"async\" width=\"1024\" height=\"768\" src=\"https:\/\/www.tv-forst-handball.de\/cms\/wp-content\/uploads\/2019\/10\/Bild-6-1-1024x768.jpg\" alt=\"\" class=\"wp-image-6735\" srcset=\"https:\/\/www.tv-forst-handball.de\/cms\/wp-content\/uploads\/2019\/10\/Bild-6-1.jpg 1024w, https:\/\/www.tv-forst-handball.de\/cms\/wp-content\/uploads\/2019\/10\/Bild-6-1-300x225.jpg 300w, https:\/\/www.tv-forst-handball.de\/cms\/wp-content\/uploads\/2019\/10\/Bild-6-1-768x576.jpg 768w\" sizes=\"auto, (max-width: 1024px) 100vw, 1024px\" \/><\/figure>\n","protected":false},"excerpt":{"rendered":"<p>Die zweiten Klassen im Handballfieber Wie schon die vergangenen Jahre lud der TV Forst auch dieses Jahr alle Sch\u00fcler und Sch\u00fclerinnen der zweiten Klassen zum Handballaktionstag in die Waldseehalle ein. An verschiedenen Stationen konnten die Kinder ihre F\u00e4higkeiten in den einzelnen Disziplinen erproben. Ob fangen und werfen, Gleichgewicht, Klettern oder Seilspringen. F\u00fcr jeden war etwas &hellip; <a href=\"https:\/\/www.tv-forst-handball.de\/cms\/handballfieber\/\" class=\"more-link\"><span class=\"screen-reader-text\">Handballfieber<\/span> weiterlesen <span class=\"meta-nav\">&rarr;<\/span><\/a><\/p>\n","protected":false},"author":4,"featured_media":0,"comment_status":"closed","ping_status":"open","sticky":false,"template":"","format":"standard","meta":{"footnotes":""},"categories":[1],"tags":[],"class_list":["post-6723","post","type-post","status-publish","format-standard","hentry","category-allgemein"],"_links":{"self":[{"href":"https:\/\/www.tv-forst-handball.de\/cms\/wp-json\/wp\/v2\/posts\/6723","targetHints":{"allow":["GET"]}}],"collection":[{"href":"https:\/\/www.tv-forst-handball.de\/cms\/wp-json\/wp\/v2\/posts"}],"about":[{"href":"https:\/\/www.tv-forst-handball.de\/cms\/wp-json\/wp\/v2\/types\/post"}],"author":[{"embeddable":true,"href":"https:\/\/www.tv-forst-handball.de\/cms\/wp-json\/wp\/v2\/users\/4"}],"replies":[{"embeddable":true,"href":"https:\/\/www.tv-forst-handball.de\/cms\/wp-json\/wp\/v2\/comments?post=6723"}],"version-history":[{"count":2,"href":"https:\/\/www.tv-forst-handball.de\/cms\/wp-json\/wp\/v2\/posts\/6723\/revisions"}],"predecessor-version":[{"id":6736,"href":"https:\/\/www.tv-forst-handball.de\/cms\/wp-json\/wp\/v2\/posts\/6723\/revisions\/6736"}],"wp:attachment":[{"href":"https:\/\/www.tv-forst-handball.de\/cms\/wp-json\/wp\/v2\/media?parent=6723"}],"wp:term":[{"taxonomy":"category","embeddable":true,"href":"https:\/\/www.tv-forst-handball.de\/cms\/wp-json\/wp\/v2\/categories?post=6723"},{"taxonomy":"post_tag","embeddable":true,"href":"https:\/\/www.tv-forst-handball.de\/cms\/wp-json\/wp\/v2\/tags?post=6723"}],"curies":[{"name":"wp","href":"https:\/\/api.w.org\/{rel}","templated":true}]}}