{"id":6738,"date":"2019-10-28T22:57:42","date_gmt":"2019-10-28T21:57:42","guid":{"rendered":"http:\/\/www.tv-forst-handball.de\/cms\/?p=6738"},"modified":"2019-10-28T23:02:37","modified_gmt":"2019-10-28T22:02:37","slug":"f-jugend-beim-spielfest-in-heidelsheim","status":"publish","type":"post","link":"https:\/\/www.tv-forst-handball.de\/cms\/f-jugend-beim-spielfest-in-heidelsheim\/","title":{"rendered":"F-Jugend beim Spielfest in Heidelsheim"},"content":{"rendered":"<p>Am vergangenen Samstag waren wir mit unserer F-Jugend zum Spieltag bei der SG Heidelsheim\/Helmsheim\/Gondelsheim zu Gast. In der Sporthalle Heidelsheim konnten wir uns mit anderen Mannschaften im W\u00fcrfelball und Handball messen. Neben den Spielen standen f\u00fcr die Kinder verschiedene Koordinations-Stationen bereit, an denen weitere Herausforderungen warteten.<br \/>\nWie immer waren alle Kinder mit gro\u00dfer Begeisterung bei der Sache. Sie zeigten in den Spielen schon gute Fortschritte und steigerten sich von Spiel zu Spiel.<br \/>\nVor allem aber hatten alle wieder viel Spa\u00df am Spiel und durften bei der abschlie\u00dfenden Siegerehrung eine neue Medaille zu Ihrer Sammlung hinzuf\u00fcgen. Ganz sch\u00f6n geschafft von den zahlreichen Spielen traten wir danach die Heimreise an.<\/p>\n","protected":false},"excerpt":{"rendered":"<p>Am vergangenen Samstag waren wir mit unserer F-Jugend zum Spieltag bei der SG Heidelsheim\/Helmsheim\/Gondelsheim zu Gast. In der Sporthalle Heidelsheim konnten wir uns mit anderen Mannschaften im W\u00fcrfelball und Handball messen. Neben den Spielen standen f\u00fcr die Kinder verschiedene Koordinations-Stationen bereit, an denen weitere Herausforderungen warteten. Wie immer waren alle Kinder mit gro\u00dfer Begeisterung bei &hellip; <a href=\"https:\/\/www.tv-forst-handball.de\/cms\/f-jugend-beim-spielfest-in-heidelsheim\/\" class=\"more-link\"><span class=\"screen-reader-text\">F-Jugend beim Spielfest in Heidelsheim<\/span> weiterlesen <span class=\"meta-nav\">&rarr;<\/span><\/a><\/p>\n","protected":false},"author":1,"featured_media":6739,"comment_status":"closed","ping_status":"open","sticky":false,"template":"","format":"standard","meta":{"footnotes":""},"categories":[13],"tags":[],"class_list":["post-6738","post","type-post","status-publish","format-standard","has-post-thumbnail","hentry","category-f-jugend"],"_links":{"self":[{"href":"https:\/\/www.tv-forst-handball.de\/cms\/wp-json\/wp\/v2\/posts\/6738","targetHints":{"allow":["GET"]}}],"collection":[{"href":"https:\/\/www.tv-forst-handball.de\/cms\/wp-json\/wp\/v2\/posts"}],"about":[{"href":"https:\/\/www.tv-forst-handball.de\/cms\/wp-json\/wp\/v2\/types\/post"}],"author":[{"embeddable":true,"href":"https:\/\/www.tv-forst-handball.de\/cms\/wp-json\/wp\/v2\/users\/1"}],"replies":[{"embeddable":true,"href":"https:\/\/www.tv-forst-handball.de\/cms\/wp-json\/wp\/v2\/comments?post=6738"}],"version-history":[{"count":0,"href":"https:\/\/www.tv-forst-handball.de\/cms\/wp-json\/wp\/v2\/posts\/6738\/revisions"}],"wp:featuredmedia":[{"embeddable":true,"href":"https:\/\/www.tv-forst-handball.de\/cms\/wp-json\/wp\/v2\/media\/6739"}],"wp:attachment":[{"href":"https:\/\/www.tv-forst-handball.de\/cms\/wp-json\/wp\/v2\/media?parent=6738"}],"wp:term":[{"taxonomy":"category","embeddable":true,"href":"https:\/\/www.tv-forst-handball.de\/cms\/wp-json\/wp\/v2\/categories?post=6738"},{"taxonomy":"post_tag","embeddable":true,"href":"https:\/\/www.tv-forst-handball.de\/cms\/wp-json\/wp\/v2\/tags?post=6738"}],"curies":[{"name":"wp","href":"https:\/\/api.w.org\/{rel}","templated":true}]}}