{"id":6827,"date":"2020-02-04T09:05:05","date_gmt":"2020-02-04T08:05:05","guid":{"rendered":"http:\/\/www.tv-forst-handball.de\/cms\/?p=6827"},"modified":"2020-02-04T09:31:36","modified_gmt":"2020-02-04T08:31:36","slug":"superminis-beim-spielfest-in-heidelsheim","status":"publish","type":"post","link":"https:\/\/www.tv-forst-handball.de\/cms\/superminis-beim-spielfest-in-heidelsheim\/","title":{"rendered":"SuperMinis beim Spielfest in Heidelsheim"},"content":{"rendered":"<p>Am vergangenen Samstag machten sich 12 SuperMinis zum Spieltag bei der SG Heidelsheim\/Helmsheim\/Gondelsheim auf. In der Sporthalle Heidelsheim konnten wir uns mit anderen Mannschaften im Kastenball und Handball messen. Neben den Spielen standen f\u00fcr die Kinder verschiedene Koordinations-Stationen bereit, an denen weitere Herausforderungen warteten.<br \/>\nWie immer waren alle Kinder mit gro\u00dfer Begeisterung bei der Sache. Sie zeigten in den Spielen schon gute Fortschritte und steigerten sich von Spiel zu Spiel.<br \/>\nVor allem aber hatten alle wieder viel Spa\u00df am Spiel und durften bei der abschlie\u00dfenden Siegerehrung eine neue Medaille zu Ihrer Sammlung hinzuf\u00fcgen. Vers\u00fc\u00dft wurde diese noch durch einen Apfel, der heute ganz besonders gut schmeckte. Ganz sch\u00f6n geschafft von den zahlreichen Spielen traten wir danach die Heimreise an.<\/p>\n","protected":false},"excerpt":{"rendered":"<p>Am vergangenen Samstag machten sich 12 SuperMinis zum Spieltag bei der SG Heidelsheim\/Helmsheim\/Gondelsheim auf. In der Sporthalle Heidelsheim konnten wir uns mit anderen Mannschaften im Kastenball und Handball messen. Neben den Spielen standen f\u00fcr die Kinder verschiedene Koordinations-Stationen bereit, an denen weitere Herausforderungen warteten. Wie immer waren alle Kinder mit gro\u00dfer Begeisterung bei der Sache. &hellip; <a href=\"https:\/\/www.tv-forst-handball.de\/cms\/superminis-beim-spielfest-in-heidelsheim\/\" class=\"more-link\"><span class=\"screen-reader-text\">SuperMinis beim Spielfest in Heidelsheim<\/span> weiterlesen <span class=\"meta-nav\">&rarr;<\/span><\/a><\/p>\n","protected":false},"author":1,"featured_media":6828,"comment_status":"closed","ping_status":"open","sticky":false,"template":"","format":"standard","meta":{"footnotes":""},"categories":[14],"tags":[],"class_list":["post-6827","post","type-post","status-publish","format-standard","has-post-thumbnail","hentry","category-superminis"],"_links":{"self":[{"href":"https:\/\/www.tv-forst-handball.de\/cms\/wp-json\/wp\/v2\/posts\/6827","targetHints":{"allow":["GET"]}}],"collection":[{"href":"https:\/\/www.tv-forst-handball.de\/cms\/wp-json\/wp\/v2\/posts"}],"about":[{"href":"https:\/\/www.tv-forst-handball.de\/cms\/wp-json\/wp\/v2\/types\/post"}],"author":[{"embeddable":true,"href":"https:\/\/www.tv-forst-handball.de\/cms\/wp-json\/wp\/v2\/users\/1"}],"replies":[{"embeddable":true,"href":"https:\/\/www.tv-forst-handball.de\/cms\/wp-json\/wp\/v2\/comments?post=6827"}],"version-history":[{"count":0,"href":"https:\/\/www.tv-forst-handball.de\/cms\/wp-json\/wp\/v2\/posts\/6827\/revisions"}],"wp:featuredmedia":[{"embeddable":true,"href":"https:\/\/www.tv-forst-handball.de\/cms\/wp-json\/wp\/v2\/media\/6828"}],"wp:attachment":[{"href":"https:\/\/www.tv-forst-handball.de\/cms\/wp-json\/wp\/v2\/media?parent=6827"}],"wp:term":[{"taxonomy":"category","embeddable":true,"href":"https:\/\/www.tv-forst-handball.de\/cms\/wp-json\/wp\/v2\/categories?post=6827"},{"taxonomy":"post_tag","embeddable":true,"href":"https:\/\/www.tv-forst-handball.de\/cms\/wp-json\/wp\/v2\/tags?post=6827"}],"curies":[{"name":"wp","href":"https:\/\/api.w.org\/{rel}","templated":true}]}}