{"id":6836,"date":"2020-05-29T23:21:40","date_gmt":"2020-05-29T21:21:40","guid":{"rendered":"http:\/\/www.tv-forst-handball.de\/cms\/?p=6836"},"modified":"2020-05-30T00:00:22","modified_gmt":"2020-05-29T22:00:22","slug":"tv-forst-verpflichtet-a-jugend-bundesliga-trainer","status":"publish","type":"post","link":"https:\/\/www.tv-forst-handball.de\/cms\/tv-forst-verpflichtet-a-jugend-bundesliga-trainer\/","title":{"rendered":"TV Forst verpflichtet A-Jugend-Bundesliga-Trainer"},"content":{"rendered":"<p>Der TV Forst sichert sich zur kommenden Saison 2020\/2021 mit Thomas Herr einen Trainer der h\u00f6chsten Jugendspielklasse und investiert damit weiter in die Ausbildung der eigenen Jugend.<br \/>\nThomas Herr kommt aus dem Kreis Bruchsal und stand als Spieler beim TV Philippsburg, dem TV Neuthard und beim TSV Graben (jetzt SG Graben\/Neudorf) auf der Platte. Als Trainer war er die letzten 7 Jahre bei der HG Oftersheim\/Schwetzingen im Einsatz, wo er zwei Jahre im Damenbereich (2 Aufstiege) und 5 Jahre im m\u00e4nnlichen Jugendbereich erfolgreich t\u00e4tig war (3 x Badischer Meister und 1x BW Pokalsieger), davon die letzten beide Jahre in der A- Jugend Bundesliga.<br \/>\nThomas Herr zu seinem Wechsel: \u0084Die Beweggr\u00fcnde jetzt beim TV Forst meine gesammelte Erfahrung einflie\u00dfen zu lassen liegen darin, dass hier in den letzten Jahren von klein auf eine gute Jugendarbeit gemacht wird. Zudem sucht man als Trainer auch immer wieder neue Herausforderungen. Die Ausbildung der C-Jugend, die kommende Runde in der Badenliga an den Start gehen wird, aber auch die Optimierung des bereits hervorragenden aufgestellten Umfeldes zu begleiten, sind spannende Aufgaben, denen ich mich in den n\u00e4chsten Jahren gerne widmen m\u00f6chte.\u0093<br \/>\nHerr ist vor allem die Weiterentwicklung jedes einzelnen Spielers im handballerischen und athletischen Bereich wichtig, um auf Dauer den Handballsport betreiben zu k\u00f6nnen und damit auch die nachhaltige Entwicklung des Vereins voranzubringen.<br \/>\nZun\u00e4chst steht man aber \u0096 wie alle Vereine &#8211; vor der gro\u00dfen Herausforderung nach der Corona Pandemie wieder in den regul\u00e4ren Trainingsbetrieb zur\u00fcckzukehren.<br \/>\nIn den ersten Freiluft-Einheiten in der Kleingruppe konnten sich Mannschaft und Trainer mittlerweile schon gegenseitig kennenlernen.<br \/>\nBeide Seiten freuen sich auf die Zusammenarbeit, welche hoffentlich mit Erfolgen in der Zukunft gekr\u00f6nt werden kann.<\/p>\n","protected":false},"excerpt":{"rendered":"<p>Der TV Forst sichert sich zur kommenden Saison 2020\/2021 mit Thomas Herr einen Trainer der h\u00f6chsten Jugendspielklasse und investiert damit weiter in die Ausbildung der eigenen Jugend. Thomas Herr kommt aus dem Kreis Bruchsal und stand als Spieler beim TV Philippsburg, dem TV Neuthard und beim TSV Graben (jetzt SG Graben\/Neudorf) auf der Platte. Als &hellip; <a href=\"https:\/\/www.tv-forst-handball.de\/cms\/tv-forst-verpflichtet-a-jugend-bundesliga-trainer\/\" class=\"more-link\"><span class=\"screen-reader-text\">TV Forst verpflichtet A-Jugend-Bundesliga-Trainer<\/span> weiterlesen <span class=\"meta-nav\">&rarr;<\/span><\/a><\/p>\n","protected":false},"author":1,"featured_media":6837,"comment_status":"closed","ping_status":"open","sticky":false,"template":"","format":"standard","meta":{"footnotes":""},"categories":[1],"tags":[],"class_list":["post-6836","post","type-post","status-publish","format-standard","has-post-thumbnail","hentry","category-allgemein"],"_links":{"self":[{"href":"https:\/\/www.tv-forst-handball.de\/cms\/wp-json\/wp\/v2\/posts\/6836","targetHints":{"allow":["GET"]}}],"collection":[{"href":"https:\/\/www.tv-forst-handball.de\/cms\/wp-json\/wp\/v2\/posts"}],"about":[{"href":"https:\/\/www.tv-forst-handball.de\/cms\/wp-json\/wp\/v2\/types\/post"}],"author":[{"embeddable":true,"href":"https:\/\/www.tv-forst-handball.de\/cms\/wp-json\/wp\/v2\/users\/1"}],"replies":[{"embeddable":true,"href":"https:\/\/www.tv-forst-handball.de\/cms\/wp-json\/wp\/v2\/comments?post=6836"}],"version-history":[{"count":0,"href":"https:\/\/www.tv-forst-handball.de\/cms\/wp-json\/wp\/v2\/posts\/6836\/revisions"}],"wp:featuredmedia":[{"embeddable":true,"href":"https:\/\/www.tv-forst-handball.de\/cms\/wp-json\/wp\/v2\/media\/6837"}],"wp:attachment":[{"href":"https:\/\/www.tv-forst-handball.de\/cms\/wp-json\/wp\/v2\/media?parent=6836"}],"wp:term":[{"taxonomy":"category","embeddable":true,"href":"https:\/\/www.tv-forst-handball.de\/cms\/wp-json\/wp\/v2\/categories?post=6836"},{"taxonomy":"post_tag","embeddable":true,"href":"https:\/\/www.tv-forst-handball.de\/cms\/wp-json\/wp\/v2\/tags?post=6836"}],"curies":[{"name":"wp","href":"https:\/\/api.w.org\/{rel}","templated":true}]}}