{"id":6994,"date":"2021-09-20T21:14:12","date_gmt":"2021-09-20T19:14:12","guid":{"rendered":"http:\/\/www.tv-forst-handball.de\/cms\/?p=6994"},"modified":"2021-09-20T21:30:36","modified_gmt":"2021-09-20T19:30:36","slug":"handballer-starten-in-die-saison","status":"publish","type":"post","link":"https:\/\/www.tv-forst-handball.de\/cms\/handballer-starten-in-die-saison\/","title":{"rendered":"Handballer starten in die Saison"},"content":{"rendered":"<p>\u2026.endlich ist es soweit und die Handballer des TV Forst starten am kommenden Wochenende in die neue Saison 2021\/2022. Wie auch in den vergangenen Jahren konnten wir in allen Altersklassen wieder mindestens eine Mannschaft im Spielbetrieb melden. Folgende Mannschaften ziehen sich f\u00fcr Forst das Trikot \u00fcber:<\/p>\n<p>Kr\u00fcmel:\u00a0\u00a0\u00a0\u00a0\u00a0\u00a0\u00a0\u00a0\u00a0\u00a0\u00a0\u00a0nur Trainingsbetrieb<br \/>\n<br \/>Super Minis:\u00a0\u00a0\u00a0\u00a0Spieltage im Handballkreis<br \/>\n<br \/>F Jugend:\u00a0\u00a0\u00a0\u00a0\u00a0\u00a0\u00a0\u00a0Spieltage im Handballkreis<br \/>\n<br \/>E Jugend:\u00a0\u00a0\u00a0\u00a0\u00a0\u00a0\u00a0 2. Bezirksliga<br \/>\n<br \/>D2 Jugend:\u00a0\u00a0\u00a0\u00a0\u00a0 1. Bezirksliga<br \/>\n<br \/>D1 Jugend:\u00a0\u00a0\u00a0\u00a0\u00a0 Landesliga<br \/>\n<br \/>C Jugend:\u00a0\u00a0\u00a0\u00a0\u00a0\u00a0\u00a0 Badenliga<br \/>\n<br \/>B Jugend:\u00a0\u00a0\u00a0\u00a0\u00a0\u00a0\u00a0\u00a0Badenliga<br \/>\n<br \/>A Jugend:\u00a0\u00a0\u00a0\u00a0\u00a0\u00a0\u00a0\u00a0Badenliga<br \/>\n<br \/>1. Herren:\u00a0\u00a0\u00a0\u00a0\u00a0\u00a0\u00a0\u00a01. Bezirksliga<\/p>\n<p>Alle Mannschaften haben in den letzten Monaten hart trainiert und sich auf die kommende Saison vorbereitet. Nun freuen wir uns auf packende und spannende Spiele in unserer Waldseehalle oder ausw\u00e4rts.<\/p>\n<p>Bei den Heimspielen sind wie gewohnt Zuschauer erlaubt, allerdings unter den aktuellen Vorgaben der Gemeinde Forst und des Gesundheitsamtes.<\/p>\n<p>Einlass unter Ber\u00fccksichtigung der 3 G Regel ( Geimpft, Getestet oder Genesen ) bleibt weiterhin bestehen.<\/p>\n<p>F\u00fcr das leibliche Wohl ist bestens gesorgt \ud83d\ude42<\/p>\n","protected":false},"excerpt":{"rendered":"<p>\u2026.endlich ist es soweit und die Handballer des TV Forst starten am kommenden Wochenende in die neue Saison 2021\/2022. Wie auch in den vergangenen Jahren konnten wir in allen Altersklassen wieder mindestens eine Mannschaft im Spielbetrieb melden. Folgende Mannschaften ziehen sich f\u00fcr Forst das Trikot \u00fcber: Kr\u00fcmel:\u00a0\u00a0\u00a0\u00a0\u00a0\u00a0\u00a0\u00a0\u00a0\u00a0\u00a0\u00a0nur Trainingsbetrieb Super Minis:\u00a0\u00a0\u00a0\u00a0Spieltage im Handballkreis F Jugend:\u00a0\u00a0\u00a0\u00a0\u00a0\u00a0\u00a0\u00a0Spieltage im &hellip; <a href=\"https:\/\/www.tv-forst-handball.de\/cms\/handballer-starten-in-die-saison\/\" class=\"more-link\"><span class=\"screen-reader-text\">Handballer starten in die Saison<\/span> weiterlesen <span class=\"meta-nav\">&rarr;<\/span><\/a><\/p>\n","protected":false},"author":1,"featured_media":0,"comment_status":"closed","ping_status":"open","sticky":false,"template":"","format":"standard","meta":{"footnotes":""},"categories":[1],"tags":[],"class_list":["post-6994","post","type-post","status-publish","format-standard","hentry","category-allgemein"],"_links":{"self":[{"href":"https:\/\/www.tv-forst-handball.de\/cms\/wp-json\/wp\/v2\/posts\/6994","targetHints":{"allow":["GET"]}}],"collection":[{"href":"https:\/\/www.tv-forst-handball.de\/cms\/wp-json\/wp\/v2\/posts"}],"about":[{"href":"https:\/\/www.tv-forst-handball.de\/cms\/wp-json\/wp\/v2\/types\/post"}],"author":[{"embeddable":true,"href":"https:\/\/www.tv-forst-handball.de\/cms\/wp-json\/wp\/v2\/users\/1"}],"replies":[{"embeddable":true,"href":"https:\/\/www.tv-forst-handball.de\/cms\/wp-json\/wp\/v2\/comments?post=6994"}],"version-history":[{"count":0,"href":"https:\/\/www.tv-forst-handball.de\/cms\/wp-json\/wp\/v2\/posts\/6994\/revisions"}],"wp:attachment":[{"href":"https:\/\/www.tv-forst-handball.de\/cms\/wp-json\/wp\/v2\/media?parent=6994"}],"wp:term":[{"taxonomy":"category","embeddable":true,"href":"https:\/\/www.tv-forst-handball.de\/cms\/wp-json\/wp\/v2\/categories?post=6994"},{"taxonomy":"post_tag","embeddable":true,"href":"https:\/\/www.tv-forst-handball.de\/cms\/wp-json\/wp\/v2\/tags?post=6994"}],"curies":[{"name":"wp","href":"https:\/\/api.w.org\/{rel}","templated":true}]}}