{"id":7018,"date":"2021-09-28T00:39:20","date_gmt":"2021-09-27T22:39:20","guid":{"rendered":"http:\/\/www.tv-forst-handball.de\/cms\/?p=7018"},"modified":"2021-09-28T01:04:19","modified_gmt":"2021-09-27T23:04:19","slug":"es-geht-wieder-los-erster-handball-heimspieltag-in-der-waldseehalle-2","status":"publish","type":"post","link":"https:\/\/www.tv-forst-handball.de\/cms\/es-geht-wieder-los-erster-handball-heimspieltag-in-der-waldseehalle-2\/","title":{"rendered":"Es geht wieder los!      Erster Handball-Heimspieltag in der Waldseehalle!"},"content":{"rendered":"<p>Am kommenden Sonntag, den 03.10. findet in der Waldseehalle nach langer Corona-Pause endlich wieder ein Handball-Heimspieltag in der Waldseehalle statt. Den Anfang macht unsere A-Jugend, die bereits um 14 Uhr Post S\u00fcdstadt Karlsruhe zum ersten Spiel in der Badenliga empf\u00e4ngt. Schon beim Mohr-Junior-Cup kam es zu diesem Aufeinandertreffen, welches die G\u00e4ste noch knapp f\u00fcr sich entscheiden konnten, Diesmal wollen es unsere Jungs besser machen. Nach ihrem erfolgreichen Auftaktspiel am vergangenen Sonntag trifft die C2-Jugend dann um 16 Uhr auf die C-Jugend aus Neuthard\/B\u00fcchenau. Um 18 Uhr wird es f\u00fcr unsere erste Herrenmannschaft gegen die G\u00e4ste des HC Blau Gelb M\u00fchlacker ernst. Schon in den letzten Jahren geh\u00f6rten diese zum Favoritenkreis der Liga und kommen sicher auch in dieser Saison mit entsprechenden Ambitionen in die Waldseehalle. Die lange Pause l\u00e4sst zwar noch keine endg\u00fcltige Prognose des aktuellen Leistungsstandes beider Teams zu, dass es kein Zuckerschlecken werden wird, ist aber bereits abzusehen. Unsere Mannschaft ist jedoch bereit die Herausforderung anzunehmen und wird versuchen dem Favoriten in der heimischen Waldseehalle ein Bein zu stellen.<br \/>\nAlle Mannschaften freuen sich \u00fcber die Unterst\u00fctzung interessierter Zuschauer!<br \/>\nF\u00fcr den Zugang gilt die mittlerweile bekannte 3G-Regelung (geimpft, genesen, getestet), au\u00dferdem ist eine Registrierung im Eingangsbereich (Formular oder Luca-App) erforderlich. Weitere Hinweise zu den Hygieneregelungen h\u00e4ngen vor Ort aus oder k\u00f6nnen hier in der Rubrik \u0084Hygiene\u0093 nachgelesen werden.<\/p>\n","protected":false},"excerpt":{"rendered":"<p>Am kommenden Sonntag, den 03.10. findet in der Waldseehalle nach langer Corona-Pause endlich wieder ein Handball-Heimspieltag in der Waldseehalle statt. Den Anfang macht unsere A-Jugend, die bereits um 14 Uhr Post S\u00fcdstadt Karlsruhe zum ersten Spiel in der Badenliga empf\u00e4ngt. Schon beim Mohr-Junior-Cup kam es zu diesem Aufeinandertreffen, welches die G\u00e4ste noch knapp f\u00fcr sich &hellip; <a href=\"https:\/\/www.tv-forst-handball.de\/cms\/es-geht-wieder-los-erster-handball-heimspieltag-in-der-waldseehalle-2\/\" class=\"more-link\"><span class=\"screen-reader-text\">Es geht wieder los!      Erster Handball-Heimspieltag in der Waldseehalle!<\/span> weiterlesen <span class=\"meta-nav\">&rarr;<\/span><\/a><\/p>\n","protected":false},"author":1,"featured_media":0,"comment_status":"closed","ping_status":"open","sticky":false,"template":"","format":"standard","meta":{"footnotes":""},"categories":[1],"tags":[],"class_list":["post-7018","post","type-post","status-publish","format-standard","hentry","category-allgemein"],"_links":{"self":[{"href":"https:\/\/www.tv-forst-handball.de\/cms\/wp-json\/wp\/v2\/posts\/7018","targetHints":{"allow":["GET"]}}],"collection":[{"href":"https:\/\/www.tv-forst-handball.de\/cms\/wp-json\/wp\/v2\/posts"}],"about":[{"href":"https:\/\/www.tv-forst-handball.de\/cms\/wp-json\/wp\/v2\/types\/post"}],"author":[{"embeddable":true,"href":"https:\/\/www.tv-forst-handball.de\/cms\/wp-json\/wp\/v2\/users\/1"}],"replies":[{"embeddable":true,"href":"https:\/\/www.tv-forst-handball.de\/cms\/wp-json\/wp\/v2\/comments?post=7018"}],"version-history":[{"count":0,"href":"https:\/\/www.tv-forst-handball.de\/cms\/wp-json\/wp\/v2\/posts\/7018\/revisions"}],"wp:attachment":[{"href":"https:\/\/www.tv-forst-handball.de\/cms\/wp-json\/wp\/v2\/media?parent=7018"}],"wp:term":[{"taxonomy":"category","embeddable":true,"href":"https:\/\/www.tv-forst-handball.de\/cms\/wp-json\/wp\/v2\/categories?post=7018"},{"taxonomy":"post_tag","embeddable":true,"href":"https:\/\/www.tv-forst-handball.de\/cms\/wp-json\/wp\/v2\/tags?post=7018"}],"curies":[{"name":"wp","href":"https:\/\/api.w.org\/{rel}","templated":true}]}}