{"id":7233,"date":"2022-09-25T20:44:14","date_gmt":"2022-09-25T18:44:14","guid":{"rendered":"http:\/\/www.tv-forst-handball.de\/cms\/?p=7233"},"modified":"2022-09-25T20:44:53","modified_gmt":"2022-09-25T18:44:53","slug":"c2-startet-furios-in-die-saison","status":"publish","type":"post","link":"https:\/\/www.tv-forst-handball.de\/cms\/c2-startet-furios-in-die-saison\/","title":{"rendered":"C2 startet furios in die Saison"},"content":{"rendered":"<div class=\"postie-post\">JSG Enztal \u2013 TV Forst 2 19:41 (9:21)<br \/>\nLang war die Anreise zum ersten Spiel der Saison mit Ziel Calmbach im Kreis Enztal. Hier wartete als erster Gegner der Saison, in der n\u00e4chsth\u00f6heren Altersklasse C Jugend die JSG Enztal.Forst fand sofort in Spiel und dr\u00fcckte ab der ersten Minute in fremder Halle aufs Gas. Die Abwehr hatte gleich Zugriff zum Spiel und zwang die Hausherren immer wieder zu technischen Fehlern und unvorbereiteten Torw\u00fcrfen. Forst bestrafte gerade in den Anfangsminuten diese Fehler und konnte sich absetzen. Die Hausherren k\u00e4mpften wie die L\u00f6wen, erzielten ihrerseits auch sch\u00f6ne Treffer, doch das Spiel diktierte Forst. Eine aggressive Abwehrleistung und konzentrierte Angriffe waren heute der Schl\u00fcssel zum Erfolg gegen einen k\u00f6rperlich \u00fcberlegenen Gegner. Forst gewinnt, v\u00f6llig verdient, das erste Spiel der Saison.<br \/>\nF\u00fcr Forst: Florian G\u00fcnther, Elias He\u00df (beide Tor ) Valentin B\u00f6ser (4), Finn H\u00fcbner, Elias Schneider (7), Tim Schmitt (3), Hannes Thomsen (7), Max Leibold (7), Aaron Scherer (7), Luis Fischer, Noah Penhallegon (6), Maximilian Ga\u00df<\/div>\n","protected":false},"excerpt":{"rendered":"<p>JSG Enztal \u2013 TV Forst 2 19:41 (9:21) Lang war die Anreise zum ersten Spiel der Saison mit Ziel Calmbach im Kreis Enztal. Hier wartete als erster Gegner der Saison, in der n\u00e4chsth\u00f6heren Altersklasse C Jugend die JSG Enztal.Forst fand sofort in Spiel und dr\u00fcckte ab der ersten Minute in fremder Halle aufs Gas. Die &hellip; <a href=\"https:\/\/www.tv-forst-handball.de\/cms\/c2-startet-furios-in-die-saison\/\" class=\"more-link\"><span class=\"screen-reader-text\">C2 startet furios in die Saison<\/span> weiterlesen <span class=\"meta-nav\">&rarr;<\/span><\/a><\/p>\n","protected":false},"author":1,"featured_media":7234,"comment_status":"closed","ping_status":"open","sticky":false,"template":"","format":"standard","meta":{"footnotes":""},"categories":[10],"tags":[],"class_list":["post-7233","post","type-post","status-publish","format-standard","has-post-thumbnail","hentry","category-c-jugend"],"_links":{"self":[{"href":"https:\/\/www.tv-forst-handball.de\/cms\/wp-json\/wp\/v2\/posts\/7233","targetHints":{"allow":["GET"]}}],"collection":[{"href":"https:\/\/www.tv-forst-handball.de\/cms\/wp-json\/wp\/v2\/posts"}],"about":[{"href":"https:\/\/www.tv-forst-handball.de\/cms\/wp-json\/wp\/v2\/types\/post"}],"author":[{"embeddable":true,"href":"https:\/\/www.tv-forst-handball.de\/cms\/wp-json\/wp\/v2\/users\/1"}],"replies":[{"embeddable":true,"href":"https:\/\/www.tv-forst-handball.de\/cms\/wp-json\/wp\/v2\/comments?post=7233"}],"version-history":[{"count":0,"href":"https:\/\/www.tv-forst-handball.de\/cms\/wp-json\/wp\/v2\/posts\/7233\/revisions"}],"wp:featuredmedia":[{"embeddable":true,"href":"https:\/\/www.tv-forst-handball.de\/cms\/wp-json\/wp\/v2\/media\/7234"}],"wp:attachment":[{"href":"https:\/\/www.tv-forst-handball.de\/cms\/wp-json\/wp\/v2\/media?parent=7233"}],"wp:term":[{"taxonomy":"category","embeddable":true,"href":"https:\/\/www.tv-forst-handball.de\/cms\/wp-json\/wp\/v2\/categories?post=7233"},{"taxonomy":"post_tag","embeddable":true,"href":"https:\/\/www.tv-forst-handball.de\/cms\/wp-json\/wp\/v2\/tags?post=7233"}],"curies":[{"name":"wp","href":"https:\/\/api.w.org\/{rel}","templated":true}]}}