{"id":7251,"date":"2022-10-14T02:15:45","date_gmt":"2022-10-14T00:15:45","guid":{"rendered":"http:\/\/www.tv-forst-handball.de\/cms\/?p=7251"},"modified":"2022-10-14T02:17:23","modified_gmt":"2022-10-14T00:17:23","slug":"baerenstarke-erste-halbzeit-sichert-auswaertserfolg","status":"publish","type":"post","link":"https:\/\/www.tv-forst-handball.de\/cms\/baerenstarke-erste-halbzeit-sichert-auswaertserfolg\/","title":{"rendered":"B\u00e4renstarke erste Halbzeit sichert Ausw\u00e4rtserfolg"},"content":{"rendered":"<div class=\"postie-post\">ASG HoRAN\/St.Leon\/Reilingen &#8211; TV Forst  24:28 (8:17)<\/p>\n<p>Mit viel R\u00fcckenwind aus dem letzten Heimsieg und fast vollst\u00e4ndigem Kader, machte sich unsere B-Jugend am vergangenen Sonntag zum Ausw\u00e4rtsspiel gegen die ASG HoRAN\/St.Leon\/Reilingen in die Jahnhalle nach Hockenheim auf.<br \/>\nEbenso rasant wie die direkt nebenan stattfindenden DTM-Rennen starteten dann auch unsere Jungs in die Begegnung. Aus einer solide stehenden Abwehr, mit an diesem Tag zwei herausragend haltenden Torstehern, brannte man in den ersten 15 Spielminuten ein wahres Offensivfeuerwerk ab. Der Zwischenstand von 2:13 wurde von den mitgereisten Zuschauern frenetisch gefeiert. Danach kam der Gastgeber etwas besser ins Spiel und verk\u00fcrzte bis zur Halbzeit auf 8:17.<br \/>\nMit dem komfortablen Vorsprung im R\u00fccken starteten unsere Jungs in eine ausgeglichenere zweite Spielh\u00e4lfte. Der Schwung der ersten H\u00e4lfte war aber leider etwas verloren gegangen und insbesondere im Angriff passierten zu viele Fehler. So schmolz der Vorsprung bis zur 42. Spielminute auf 19:23 ab. Doch die Mannschaft verlor nicht die Ruhe, lie\u00df die ASG nicht mehr n\u00e4her herankommen und sicherte sich mit 24:28 am Ende beide Ausw\u00e4rtspunkte.<br \/>\nBereits in der n\u00e4chsten Woche steht das Ausw\u00e4rtsspiel bei der HG Oftersheim\/Schwetzingen auf dem Spielplan. Auch hier wollen unsere Jungs m\u00f6glichst mit Punkten im Gep\u00e4ck nach Hause fahren.<\/p>\n<p>Es spielten: Fabio K\u00f6hler, Elias Just (im Tor), Luka Knezevic (11), Yannik Fischer (1), Jan Schneider (6), Finn Willenborg (1), Matthis Berdyn, Marvin Oetter, Noah Wiedemann (2), Leander Mohr, Anton Lackus (2), Silas Schmitt (2), Linus Keller (3)<\/p><\/div>\n","protected":false},"excerpt":{"rendered":"<p>ASG HoRAN\/St.Leon\/Reilingen &#8211; TV Forst 24:28 (8:17) Mit viel R\u00fcckenwind aus dem letzten Heimsieg und fast vollst\u00e4ndigem Kader, machte sich unsere B-Jugend am vergangenen Sonntag zum Ausw\u00e4rtsspiel gegen die ASG HoRAN\/St.Leon\/Reilingen in die Jahnhalle nach Hockenheim auf. Ebenso rasant wie die direkt nebenan stattfindenden DTM-Rennen starteten dann auch unsere Jungs in die Begegnung. Aus einer &hellip; <a href=\"https:\/\/www.tv-forst-handball.de\/cms\/baerenstarke-erste-halbzeit-sichert-auswaertserfolg\/\" class=\"more-link\"><span class=\"screen-reader-text\">B\u00e4renstarke erste Halbzeit sichert Ausw\u00e4rtserfolg<\/span> weiterlesen <span class=\"meta-nav\">&rarr;<\/span><\/a><\/p>\n","protected":false},"author":1,"featured_media":7252,"comment_status":"closed","ping_status":"open","sticky":false,"template":"","format":"standard","meta":{"footnotes":""},"categories":[9],"tags":[],"class_list":["post-7251","post","type-post","status-publish","format-standard","has-post-thumbnail","hentry","category-b-jugend"],"_links":{"self":[{"href":"https:\/\/www.tv-forst-handball.de\/cms\/wp-json\/wp\/v2\/posts\/7251","targetHints":{"allow":["GET"]}}],"collection":[{"href":"https:\/\/www.tv-forst-handball.de\/cms\/wp-json\/wp\/v2\/posts"}],"about":[{"href":"https:\/\/www.tv-forst-handball.de\/cms\/wp-json\/wp\/v2\/types\/post"}],"author":[{"embeddable":true,"href":"https:\/\/www.tv-forst-handball.de\/cms\/wp-json\/wp\/v2\/users\/1"}],"replies":[{"embeddable":true,"href":"https:\/\/www.tv-forst-handball.de\/cms\/wp-json\/wp\/v2\/comments?post=7251"}],"version-history":[{"count":0,"href":"https:\/\/www.tv-forst-handball.de\/cms\/wp-json\/wp\/v2\/posts\/7251\/revisions"}],"wp:featuredmedia":[{"embeddable":true,"href":"https:\/\/www.tv-forst-handball.de\/cms\/wp-json\/wp\/v2\/media\/7252"}],"wp:attachment":[{"href":"https:\/\/www.tv-forst-handball.de\/cms\/wp-json\/wp\/v2\/media?parent=7251"}],"wp:term":[{"taxonomy":"category","embeddable":true,"href":"https:\/\/www.tv-forst-handball.de\/cms\/wp-json\/wp\/v2\/categories?post=7251"},{"taxonomy":"post_tag","embeddable":true,"href":"https:\/\/www.tv-forst-handball.de\/cms\/wp-json\/wp\/v2\/tags?post=7251"}],"curies":[{"name":"wp","href":"https:\/\/api.w.org\/{rel}","templated":true}]}}