{"id":7361,"date":"2022-12-13T00:17:41","date_gmt":"2022-12-12T23:17:41","guid":{"rendered":"http:\/\/www.tv-forst-handball.de\/cms\/?p=7361"},"modified":"2022-12-13T00:21:35","modified_gmt":"2022-12-12T23:21:35","slug":"siegesserie-in-malsch-gerissen","status":"publish","type":"post","link":"https:\/\/www.tv-forst-handball.de\/cms\/siegesserie-in-malsch-gerissen\/","title":{"rendered":"Siegesserie in Malsch gerissen"},"content":{"rendered":"<div class=\"postie-post\">TSV Rot-Malsch &#8211; TV Forst   31:28 (18:15)<\/p>\n<p>Nach den sehr guten Ausw\u00e4rtsspielen in den Vorwochen stand die Begegnung beim TSV Rot-Malsch leider unter keinem guten Stern. Zwei Spieler waren krankheitsbedingt leider nicht spielf\u00e4hig und drei Spieler gingen stark angeschlagen ins Spiel. Dennoch wollte man das Beste versuchen, um auch diese Partie erfolgreich zu gestalten.<br \/>\nSo entwickelte sich eine enge Begegnung, in der von beiden Mannschaften um jedes Tor gek\u00e4mpft wurde. Bis zur 20. Spielminute schaffte es auch keine der beiden Mannschaften sich einen entscheidenden Vorteil zu erspielen. Als wir dann vom Schiedsrichtergespann mit einer unverst\u00e4ndlichen Zeitstrafe belegt wurden, mussten wir leider etwas abrei\u00dfen lassen und die Gastgeber konnten erstmals auf drei Tore zu 16:13 vorlegen. Dieser R\u00fcckstand hatte dann bis zum 18:15 Halbzeitstand seine G\u00fcltigkeit.<br \/>\nDen besseren Start in die zweite Halbzeit legte dann nochmals der TSV auf die Platte und legte in der 28. Spielminute auf 20:16 vor. Unsere Jungs gaben sich aber nicht auf und k\u00e4mpften sich zur\u00fcck in die Partie. In einer beherzten Aufholjagd erzielte man Tor um Tor und hatte in der 33. Spielminute den 22:22 Ausgleich geschafft. Gebremst von einer Unterzahlsituation kam man danach leider erneut mit 25:23 in R\u00fcckstand. Doch auch gegen diesen R\u00fcckschlag stemmte sich die Mannschaft und war beim Spielstand von 27:26 und mehreren guten Einwurfm\u00f6glichkeiten in der 41. Minute erneut dem Ausgleich nahe. Leider lie\u00dfen die Jungs dann zu viele Chancen liegen und die Kr\u00e4fte begannen zu schwinden. Zwar keimte beim 29:27 nochmals etwas Hoffnung, doch war, wieder in Unterzahl, in den letzten Minuten dann nichts mehr zu holen und wir mussten uns mit 31:28 geschlagen geben.<br \/>\nMit sechs Verlustpunkten haben die Jungs dennoch eine sehr gute Hinrunde gespielt und rangieren momentan verdient auf dem 3. Tabellenplatz der Badenliga.<br \/>\nBereits n\u00e4chste Woche beginnt mit der Partie gegen die SG Pforzheim\/Eutingen, mit der die Mannschaft noch eine Rechnung aus dem Hinspiel offen hat.<\/p>\n<p>Es spielten: Fabio K\u00f6hler, Elias Just (im Tor), Luka Knezevic (11), Jakob Megerle (1), Silas Schmitt (2), Jan Schneider (2), Finn Willenborg (2), Matthis Berdyn (3), Marvin Isenmann, Leander Mohr (1), Linus Keller (6)<\/p><\/div>\n","protected":false},"excerpt":{"rendered":"<p>TSV Rot-Malsch &#8211; TV Forst 31:28 (18:15) Nach den sehr guten Ausw\u00e4rtsspielen in den Vorwochen stand die Begegnung beim TSV Rot-Malsch leider unter keinem guten Stern. Zwei Spieler waren krankheitsbedingt leider nicht spielf\u00e4hig und drei Spieler gingen stark angeschlagen ins Spiel. Dennoch wollte man das Beste versuchen, um auch diese Partie erfolgreich zu gestalten. So &hellip; <a href=\"https:\/\/www.tv-forst-handball.de\/cms\/siegesserie-in-malsch-gerissen\/\" class=\"more-link\"><span class=\"screen-reader-text\">Siegesserie in Malsch gerissen<\/span> weiterlesen <span class=\"meta-nav\">&rarr;<\/span><\/a><\/p>\n","protected":false},"author":1,"featured_media":0,"comment_status":"closed","ping_status":"open","sticky":false,"template":"","format":"standard","meta":{"footnotes":""},"categories":[9],"tags":[],"class_list":["post-7361","post","type-post","status-publish","format-standard","hentry","category-b-jugend"],"_links":{"self":[{"href":"https:\/\/www.tv-forst-handball.de\/cms\/wp-json\/wp\/v2\/posts\/7361","targetHints":{"allow":["GET"]}}],"collection":[{"href":"https:\/\/www.tv-forst-handball.de\/cms\/wp-json\/wp\/v2\/posts"}],"about":[{"href":"https:\/\/www.tv-forst-handball.de\/cms\/wp-json\/wp\/v2\/types\/post"}],"author":[{"embeddable":true,"href":"https:\/\/www.tv-forst-handball.de\/cms\/wp-json\/wp\/v2\/users\/1"}],"replies":[{"embeddable":true,"href":"https:\/\/www.tv-forst-handball.de\/cms\/wp-json\/wp\/v2\/comments?post=7361"}],"version-history":[{"count":0,"href":"https:\/\/www.tv-forst-handball.de\/cms\/wp-json\/wp\/v2\/posts\/7361\/revisions"}],"wp:attachment":[{"href":"https:\/\/www.tv-forst-handball.de\/cms\/wp-json\/wp\/v2\/media?parent=7361"}],"wp:term":[{"taxonomy":"category","embeddable":true,"href":"https:\/\/www.tv-forst-handball.de\/cms\/wp-json\/wp\/v2\/categories?post=7361"},{"taxonomy":"post_tag","embeddable":true,"href":"https:\/\/www.tv-forst-handball.de\/cms\/wp-json\/wp\/v2\/tags?post=7361"}],"curies":[{"name":"wp","href":"https:\/\/api.w.org\/{rel}","templated":true}]}}