{"id":7380,"date":"2023-03-13T22:51:38","date_gmt":"2023-03-13T21:51:38","guid":{"rendered":"http:\/\/www.tv-forst-handball.de\/cms\/?p=7380"},"modified":"2023-03-13T23:15:04","modified_gmt":"2023-03-13T22:15:04","slug":"mannschaftliche-energieleistung-bleibt-leider-unbelohnt","status":"publish","type":"post","link":"https:\/\/www.tv-forst-handball.de\/cms\/mannschaftliche-energieleistung-bleibt-leider-unbelohnt\/","title":{"rendered":"Mannschaftliche Energieleistung bleibt leider unbelohnt"},"content":{"rendered":"<div class=\"postie-post\">TV Forst \u0096 JSG Hemsbach\/Laudenbach  32:34 (18:17)<\/p>\n<p>Saisonendspurt f\u00fcr unsere B-Jugend in der Badenliga und die Mannschaft musste in den letzten Wochen eine Hiobsbotschaft nach der n\u00e4chsten verkraften. So musste die Partie gegen die ranggleiche JSG Hemsbach\/Laudenbach ohne etatm\u00e4\u00dfigen Torwart, mit nur zwei R\u00fcckraumspielern und nur einem Kreisl\u00e4ufer angegangen werden. Eine Aufgabe die eigentlich von Anfang an aussichtslos schien.<br \/>\nDoch ganz so einfach wollte sich die Mannschaft nicht geschlagen geben. Mit gro\u00dfem Engagement ging die Mannschaft in die Zweik\u00e4mpfe und lag dadurch nach acht Spielminuten mit vier Toren und 7:3 in Front. Die G\u00e4ste kamen danach besser in Spiel und verk\u00fcrzten in der 13. Minute auf 11:9. Mit einem Zwischenspurt war dann beim 15:11 der alte Vorsprung wieder hergestellt. Doch die JSG erh\u00f6hte den Druck und glich in der 22. Spielminute erstmals zum 15:15 aus. Mit 18:17 ging es in die Halbzeit.<br \/>\nIm Gleichschritt starteten beide Teams dann in die zweite Spielh\u00e4lfte.Weiter hatten unsere Jungs bis zur 35. Minute und 26:25 die Nase vorn. Nun wurde aber langsam der Kr\u00e4fteverschlei\u00df und der gegnerische Torwart zum Faktor. Erstmal musste man auf 27:30 abrei\u00dfen lassen. Doch mit leidenschaftlichem Kampf war f\u00fcnf Minuten vor dem Ende beim 29:30 der Anschluss wiederhergestellt. Leider fehlte danach das Gl\u00fcck und die Kraft f\u00fcr die letzte Konsequenz im Abschluss weshalb man sich am Ende doch mit 32:34 geschlagen geben musste.<br \/>\nTrotz der knappen Niederlage darf die Mannschaft aber sehr stolz auf die gezeigte Leistung und den mannschaftlich geschlossenen Auftritt sein. Ein gro\u00dfes Dankesch\u00f6n geht dar\u00fcber hinaus an die C-Jugendlichen, welche die Mannschaft unterst\u00fctzt haben.<br \/>\nEs spielten: Leon Schwab (im Tor), Jakob Megerle (7), Silas Schmitt (2), Yannik Fischer, Jan Schneider (6), Matthis Berdyn (5), Marvin Oetter (1), Noah Wiedemann (6\/3), Leander Mohr (1), Marvin Isenmann, Anton Lackus (5)<\/p><\/div>\n","protected":false},"excerpt":{"rendered":"<p>TV Forst \u0096 JSG Hemsbach\/Laudenbach 32:34 (18:17) Saisonendspurt f\u00fcr unsere B-Jugend in der Badenliga und die Mannschaft musste in den letzten Wochen eine Hiobsbotschaft nach der n\u00e4chsten verkraften. So musste die Partie gegen die ranggleiche JSG Hemsbach\/Laudenbach ohne etatm\u00e4\u00dfigen Torwart, mit nur zwei R\u00fcckraumspielern und nur einem Kreisl\u00e4ufer angegangen werden. Eine Aufgabe die eigentlich von &hellip; <a href=\"https:\/\/www.tv-forst-handball.de\/cms\/mannschaftliche-energieleistung-bleibt-leider-unbelohnt\/\" class=\"more-link\"><span class=\"screen-reader-text\">Mannschaftliche Energieleistung bleibt leider unbelohnt<\/span> weiterlesen <span class=\"meta-nav\">&rarr;<\/span><\/a><\/p>\n","protected":false},"author":1,"featured_media":0,"comment_status":"closed","ping_status":"open","sticky":false,"template":"","format":"standard","meta":{"footnotes":""},"categories":[9],"tags":[],"class_list":["post-7380","post","type-post","status-publish","format-standard","hentry","category-b-jugend"],"_links":{"self":[{"href":"https:\/\/www.tv-forst-handball.de\/cms\/wp-json\/wp\/v2\/posts\/7380","targetHints":{"allow":["GET"]}}],"collection":[{"href":"https:\/\/www.tv-forst-handball.de\/cms\/wp-json\/wp\/v2\/posts"}],"about":[{"href":"https:\/\/www.tv-forst-handball.de\/cms\/wp-json\/wp\/v2\/types\/post"}],"author":[{"embeddable":true,"href":"https:\/\/www.tv-forst-handball.de\/cms\/wp-json\/wp\/v2\/users\/1"}],"replies":[{"embeddable":true,"href":"https:\/\/www.tv-forst-handball.de\/cms\/wp-json\/wp\/v2\/comments?post=7380"}],"version-history":[{"count":0,"href":"https:\/\/www.tv-forst-handball.de\/cms\/wp-json\/wp\/v2\/posts\/7380\/revisions"}],"wp:attachment":[{"href":"https:\/\/www.tv-forst-handball.de\/cms\/wp-json\/wp\/v2\/media?parent=7380"}],"wp:term":[{"taxonomy":"category","embeddable":true,"href":"https:\/\/www.tv-forst-handball.de\/cms\/wp-json\/wp\/v2\/categories?post=7380"},{"taxonomy":"post_tag","embeddable":true,"href":"https:\/\/www.tv-forst-handball.de\/cms\/wp-json\/wp\/v2\/tags?post=7380"}],"curies":[{"name":"wp","href":"https:\/\/api.w.org\/{rel}","templated":true}]}}