{"id":7389,"date":"2023-05-09T23:24:52","date_gmt":"2023-05-09T21:24:52","guid":{"rendered":"http:\/\/www.tv-forst-handball.de\/cms\/?p=7389"},"modified":"2023-05-09T23:44:42","modified_gmt":"2023-05-09T21:44:42","slug":"b-jugend-souveraen-fuer-badenliga-qualifiziert","status":"publish","type":"post","link":"https:\/\/www.tv-forst-handball.de\/cms\/b-jugend-souveraen-fuer-badenliga-qualifiziert\/","title":{"rendered":"B-Jugend souver\u00e4n f\u00fcr Badenliga qualifiziert"},"content":{"rendered":"<div class=\"postie-post\">In souver\u00e4ner Manier qualifizierte sich unsere B-Jugend am vergangenen Sonntag f\u00fcr die kommende Badenligarunde. Nach Siegen gegen Wiesloch, Weschnitztal und Plankstadt, kam es im letzten Spiel des Qualifikationsturniers zum Aufeinandertreffen der beiden, bis dahin ungeschlagenen Mannschaften aus Forst und Pforzheim. Nach einem besseren Beginn f\u00fcr die G\u00e4ste k\u00e4mpften sich unsere Jungs in begeisternder Manier zur\u00fcck in die Begegnung und sicherten sich sowohl die Partie, als auch den Turniersieg. Gl\u00fcckwunsch an die Mannschaft und das Trainerteam!<\/div>\n","protected":false},"excerpt":{"rendered":"<p>In souver\u00e4ner Manier qualifizierte sich unsere B-Jugend am vergangenen Sonntag f\u00fcr die kommende Badenligarunde. Nach Siegen gegen Wiesloch, Weschnitztal und Plankstadt, kam es im letzten Spiel des Qualifikationsturniers zum Aufeinandertreffen der beiden, bis dahin ungeschlagenen Mannschaften aus Forst und Pforzheim. Nach einem besseren Beginn f\u00fcr die G\u00e4ste k\u00e4mpften sich unsere Jungs in begeisternder Manier zur\u00fcck &hellip; <a href=\"https:\/\/www.tv-forst-handball.de\/cms\/b-jugend-souveraen-fuer-badenliga-qualifiziert\/\" class=\"more-link\"><span class=\"screen-reader-text\">B-Jugend souver\u00e4n f\u00fcr Badenliga qualifiziert<\/span> weiterlesen <span class=\"meta-nav\">&rarr;<\/span><\/a><\/p>\n","protected":false},"author":1,"featured_media":7390,"comment_status":"closed","ping_status":"open","sticky":false,"template":"","format":"standard","meta":{"footnotes":""},"categories":[9],"tags":[],"class_list":["post-7389","post","type-post","status-publish","format-standard","has-post-thumbnail","hentry","category-b-jugend"],"_links":{"self":[{"href":"https:\/\/www.tv-forst-handball.de\/cms\/wp-json\/wp\/v2\/posts\/7389","targetHints":{"allow":["GET"]}}],"collection":[{"href":"https:\/\/www.tv-forst-handball.de\/cms\/wp-json\/wp\/v2\/posts"}],"about":[{"href":"https:\/\/www.tv-forst-handball.de\/cms\/wp-json\/wp\/v2\/types\/post"}],"author":[{"embeddable":true,"href":"https:\/\/www.tv-forst-handball.de\/cms\/wp-json\/wp\/v2\/users\/1"}],"replies":[{"embeddable":true,"href":"https:\/\/www.tv-forst-handball.de\/cms\/wp-json\/wp\/v2\/comments?post=7389"}],"version-history":[{"count":0,"href":"https:\/\/www.tv-forst-handball.de\/cms\/wp-json\/wp\/v2\/posts\/7389\/revisions"}],"wp:featuredmedia":[{"embeddable":true,"href":"https:\/\/www.tv-forst-handball.de\/cms\/wp-json\/wp\/v2\/media\/7390"}],"wp:attachment":[{"href":"https:\/\/www.tv-forst-handball.de\/cms\/wp-json\/wp\/v2\/media?parent=7389"}],"wp:term":[{"taxonomy":"category","embeddable":true,"href":"https:\/\/www.tv-forst-handball.de\/cms\/wp-json\/wp\/v2\/categories?post=7389"},{"taxonomy":"post_tag","embeddable":true,"href":"https:\/\/www.tv-forst-handball.de\/cms\/wp-json\/wp\/v2\/tags?post=7389"}],"curies":[{"name":"wp","href":"https:\/\/api.w.org\/{rel}","templated":true}]}}