{"id":7398,"date":"2023-06-11T22:53:31","date_gmt":"2023-06-11T20:53:31","guid":{"rendered":"http:\/\/www.tv-forst-handball.de\/cms\/?p=7398"},"modified":"2023-06-11T23:15:05","modified_gmt":"2023-06-11T21:15:05","slug":"kinder-des-tv-forst-erfolgreich-bei-endrunde-der-vr-talentiade","status":"publish","type":"post","link":"https:\/\/www.tv-forst-handball.de\/cms\/kinder-des-tv-forst-erfolgreich-bei-endrunde-der-vr-talentiade\/","title":{"rendered":"Kinder des TV Forst erfolgreich bei Endrunde der VR-Talentiade"},"content":{"rendered":"<div class=\"postie-post\">Am vergangenen Wochenende war es so weit und die Endrunde der VR-Talentiade stand auf dem Programm.<br \/>\nF\u00fcr den Finalwettkampf in Heidelberg hatten sich mit Alena Becker, Carl Heing\u00e4rtner und Jakob N\u00e4ger gleich drei Kinder des TV Forst qualifiziert. Wieder galt es an verschiedenen koordinativen Stationen das eigene K\u00f6nnen unter Beweis zu stellen. Besonders rund lief es bei Carl, der sich einen dritten Platz erk\u00e4mpfen konnte. Alena platzierte sich unter den besten zehn und auch Jakob \u00fcberzeugte mit einer guten Leistung im engen Klassement.<br \/>\nHerzlichen Gl\u00fcckwunsch allen Finalisten, das habt ihr toll gemacht!<\/div>\n","protected":false},"excerpt":{"rendered":"<p>Am vergangenen Wochenende war es so weit und die Endrunde der VR-Talentiade stand auf dem Programm. F\u00fcr den Finalwettkampf in Heidelberg hatten sich mit Alena Becker, Carl Heing\u00e4rtner und Jakob N\u00e4ger gleich drei Kinder des TV Forst qualifiziert. Wieder galt es an verschiedenen koordinativen Stationen das eigene K\u00f6nnen unter Beweis zu stellen. Besonders rund lief &hellip; <a href=\"https:\/\/www.tv-forst-handball.de\/cms\/kinder-des-tv-forst-erfolgreich-bei-endrunde-der-vr-talentiade\/\" class=\"more-link\"><span class=\"screen-reader-text\">Kinder des TV Forst erfolgreich bei Endrunde der VR-Talentiade<\/span> weiterlesen <span class=\"meta-nav\">&rarr;<\/span><\/a><\/p>\n","protected":false},"author":1,"featured_media":7399,"comment_status":"closed","ping_status":"open","sticky":false,"template":"","format":"standard","meta":{"footnotes":""},"categories":[12],"tags":[],"class_list":["post-7398","post","type-post","status-publish","format-standard","has-post-thumbnail","hentry","category-e-jugend"],"_links":{"self":[{"href":"https:\/\/www.tv-forst-handball.de\/cms\/wp-json\/wp\/v2\/posts\/7398","targetHints":{"allow":["GET"]}}],"collection":[{"href":"https:\/\/www.tv-forst-handball.de\/cms\/wp-json\/wp\/v2\/posts"}],"about":[{"href":"https:\/\/www.tv-forst-handball.de\/cms\/wp-json\/wp\/v2\/types\/post"}],"author":[{"embeddable":true,"href":"https:\/\/www.tv-forst-handball.de\/cms\/wp-json\/wp\/v2\/users\/1"}],"replies":[{"embeddable":true,"href":"https:\/\/www.tv-forst-handball.de\/cms\/wp-json\/wp\/v2\/comments?post=7398"}],"version-history":[{"count":0,"href":"https:\/\/www.tv-forst-handball.de\/cms\/wp-json\/wp\/v2\/posts\/7398\/revisions"}],"wp:featuredmedia":[{"embeddable":true,"href":"https:\/\/www.tv-forst-handball.de\/cms\/wp-json\/wp\/v2\/media\/7399"}],"wp:attachment":[{"href":"https:\/\/www.tv-forst-handball.de\/cms\/wp-json\/wp\/v2\/media?parent=7398"}],"wp:term":[{"taxonomy":"category","embeddable":true,"href":"https:\/\/www.tv-forst-handball.de\/cms\/wp-json\/wp\/v2\/categories?post=7398"},{"taxonomy":"post_tag","embeddable":true,"href":"https:\/\/www.tv-forst-handball.de\/cms\/wp-json\/wp\/v2\/tags?post=7398"}],"curies":[{"name":"wp","href":"https:\/\/api.w.org\/{rel}","templated":true}]}}