{"id":7503,"date":"2023-10-02T06:43:28","date_gmt":"2023-10-02T04:43:28","guid":{"rendered":"http:\/\/www.tv-forst-handball.de\/cms\/?p=7503"},"modified":"2023-10-02T06:48:44","modified_gmt":"2023-10-02T04:48:44","slug":"c2-aergerlicher-punktverlust-in-graben-neudorf","status":"publish","type":"post","link":"https:\/\/www.tv-forst-handball.de\/cms\/c2-aergerlicher-punktverlust-in-graben-neudorf\/","title":{"rendered":"C2: \u00c4rgerlicher Punktverlust in Graben-Neudorf"},"content":{"rendered":"<div class=\"postie-post\">\n<p><b>TSV Graben-Neudorf : TV Forst2 29:21 (15:13) <\/p>\n<p><\/b> <\/p>\n<p>Am vergangenen Samstag war auch f\u00fcr die C2 endlich der langersehnte Rundenstart. Die zum Teil neu formierte Mannschaft um das Trainerduo K\u00f6hler\/Sedic fuhr motiviert zum ersten Ausw\u00e4rtsspiel. <br \/>Anfangs zeigten die Spieler eine kompakte Abwehr und einen oftmals sehenswerten Angriff. Aber bis auf das 0:1 liefen die Jungs st\u00e4ndig einem R\u00fcckstand hinterher, bzw. schafften es bei Gleichstand nicht, sich einen Vorsprung zu erspielen. Recht schnell schlichen sich Fehler sowohl im technischen als auch im Bereich der Chancenverwertung ein. Die Mannschaft erspielte sich ein ums andere Mal gute Torchancen, vom Grundsatz: \u201edas Runde muss in das Eckige\u201c, war allerdings nur wenig zu sehen. So ging es wenig \u00fcberraschend mit einem 2 Tore Vorsprung f\u00fcr die Hausherren in die Halbzeitpause. <br \/>Die zweiten 25 Minuten waren direkt durch einen 3:0 Lauf der Gegner gepr\u00e4gt. Stellten diese doch in nicht ganz 4 Minuten klar, dass die Punkte bei ihnen bleiben. Unsere Abwehr bekam keinen Zugriff mehr und wurde immer wieder ausgespielt. Es schlichen sich mehr Fehlp\u00e4sse ein, die Abschl\u00fcsse wurden hektisch, oder man lief sich an der gegnerischen Abwehr fest. Es war erkennbar, wie sich unsere Jungs demotivieren lie\u00dfen und die Konzentration weniger wurde. <br \/>Langsam aber sicher zogen die Gegner auf einen 8 Tore Vorsprung davon, der auch den Endstand widerspiegelt. Verdient bleiben die 2 Punkte in Graben-Neudorf! <br \/>Jungs, K\u00f6pfe nicht h\u00e4ngen lassen! Jetzt hei\u00dft es: Aufstehen, Mund abputzen und am kommenden Samstag in heimischer Halle zeigen, was ihr k\u00f6nnt! <br \/>Spieler und Trainer freuen sich auf lautstarke Unterst\u00fctzung! <\/p>\n<p>Es spielten: Felix Maue, Felix Tr\u00e4umner (beide Tor), Jelte Eggers, Maximilian Ga\u00df (11), Christian G\u00f6hrig, Fabian Isenmann, Delian Jung (1), Tino K\u00f6hler (2), Marlon Konrad (1), Finn Lamprecht (3), Benedikt R\u00fctzel (3)  <\/p>\n<\/div>\n","protected":false},"excerpt":{"rendered":"<p>TSV Graben-Neudorf : TV Forst2 29:21 (15:13) Am vergangenen Samstag war auch f\u00fcr die C2 endlich der langersehnte Rundenstart. Die zum Teil neu formierte Mannschaft um das Trainerduo K\u00f6hler\/Sedic fuhr motiviert zum ersten Ausw\u00e4rtsspiel. Anfangs zeigten die Spieler eine kompakte Abwehr und einen oftmals sehenswerten Angriff. Aber bis auf das 0:1 liefen die Jungs st\u00e4ndig &hellip; <a href=\"https:\/\/www.tv-forst-handball.de\/cms\/c2-aergerlicher-punktverlust-in-graben-neudorf\/\" class=\"more-link\"><span class=\"screen-reader-text\">C2: \u00c4rgerlicher Punktverlust in Graben-Neudorf<\/span> weiterlesen <span class=\"meta-nav\">&rarr;<\/span><\/a><\/p>\n","protected":false},"author":1,"featured_media":0,"comment_status":"closed","ping_status":"open","sticky":false,"template":"","format":"standard","meta":{"footnotes":""},"categories":[1],"tags":[],"class_list":["post-7503","post","type-post","status-publish","format-standard","hentry","category-allgemein"],"_links":{"self":[{"href":"https:\/\/www.tv-forst-handball.de\/cms\/wp-json\/wp\/v2\/posts\/7503","targetHints":{"allow":["GET"]}}],"collection":[{"href":"https:\/\/www.tv-forst-handball.de\/cms\/wp-json\/wp\/v2\/posts"}],"about":[{"href":"https:\/\/www.tv-forst-handball.de\/cms\/wp-json\/wp\/v2\/types\/post"}],"author":[{"embeddable":true,"href":"https:\/\/www.tv-forst-handball.de\/cms\/wp-json\/wp\/v2\/users\/1"}],"replies":[{"embeddable":true,"href":"https:\/\/www.tv-forst-handball.de\/cms\/wp-json\/wp\/v2\/comments?post=7503"}],"version-history":[{"count":0,"href":"https:\/\/www.tv-forst-handball.de\/cms\/wp-json\/wp\/v2\/posts\/7503\/revisions"}],"wp:attachment":[{"href":"https:\/\/www.tv-forst-handball.de\/cms\/wp-json\/wp\/v2\/media?parent=7503"}],"wp:term":[{"taxonomy":"category","embeddable":true,"href":"https:\/\/www.tv-forst-handball.de\/cms\/wp-json\/wp\/v2\/categories?post=7503"},{"taxonomy":"post_tag","embeddable":true,"href":"https:\/\/www.tv-forst-handball.de\/cms\/wp-json\/wp\/v2\/tags?post=7503"}],"curies":[{"name":"wp","href":"https:\/\/api.w.org\/{rel}","templated":true}]}}