{"id":7521,"date":"2023-10-29T01:30:50","date_gmt":"2023-10-28T23:30:50","guid":{"rendered":"http:\/\/www.tv-forst-handball.de\/cms\/?p=7521"},"modified":"2023-10-29T01:45:42","modified_gmt":"2023-10-28T23:45:42","slug":"a-jugend-wirft-sich-gegen-walzbachtal-an-die-spitze-der-landesliga","status":"publish","type":"post","link":"https:\/\/www.tv-forst-handball.de\/cms\/a-jugend-wirft-sich-gegen-walzbachtal-an-die-spitze-der-landesliga\/","title":{"rendered":"A-Jugend wirft sich gegen Walzbachtal an die Spitze der Landesliga"},"content":{"rendered":"<div class=\"postie-post\">TV Forst \u0096 HSG Walzbachtal 45:34 (19:13)<br \/>\nZum Spitzenspiel der A-Jugend Landesliga empfing unsere A-Jugend am vergangenen Samstag die HSG Walzbachtal. Die HSG war mit 8:2 Punkten als Tabellenerster, Forst mit 6:0 Punkten in die Saison gestartet, dem Sieger war somit die Tabellenf\u00fchrung sicher. Entsprechend motiviert startete unsere Mannschaft in die Begegnung. Nach anf\u00e4nglichem Abtasten gewannen unsere Jungs dann zunehmend die Oberhand und hatten beim 12:7 in der 18. Spielminute erstmals einen Vorsprung von f\u00fcnf Toren erspielt. Bis zur Halbzeit konnte dieser noch auf 19:13 ausgebaut werden. In H\u00e4lfte zwei setzte sich das muntere Spielchen fort. In der 40. Spielminuten stand erstmals ein Vorsprung von zehn Toren an der Anzeigetafel (29:19). Walzbachtal steckte aber niemals auf und nutze die gegen Mitte der zweiten Spielh\u00e4lfte gr\u00f6\u00dfer werdenden L\u00fccken in der Forster Abwehr immer wieder aus. Weniger als f\u00fcnf Tore Vorsprung lie\u00df unsere Mannschaft aber niemals zu. Mit einem intensiveren Schlussspurt ging unser Team dann nochmals in die Offensive und gewann verdient mit 45:34.<\/p>\n<p>Nach einer kleinen Spielpause geht es f\u00fcr die Mannschaft erst am 18.11. zum Tabellendritten aus Langensteinbach, bei dem man nat\u00fcrlich seine wei\u00dfe Weste weiter verteidigen m\u00f6chte.<br \/>\nEs spielten: Elias Just, Fabio K\u00f6hler (im Tor), Daniel Klostermeier, Ivo Rzesanke (8), Jakob Megerle (8\/5), Silas Schmitt (3), Fabio Blaschek (1), Matthis Berdyn (3), Marvin Oetter, Noah Wiedemann (1), Robert Hotz (2), Leander Mohr (6), Anton Lackus (2), Linus Keller (11)<\/p><\/div>\n","protected":false},"excerpt":{"rendered":"<p>TV Forst \u0096 HSG Walzbachtal 45:34 (19:13) Zum Spitzenspiel der A-Jugend Landesliga empfing unsere A-Jugend am vergangenen Samstag die HSG Walzbachtal. Die HSG war mit 8:2 Punkten als Tabellenerster, Forst mit 6:0 Punkten in die Saison gestartet, dem Sieger war somit die Tabellenf\u00fchrung sicher. Entsprechend motiviert startete unsere Mannschaft in die Begegnung. Nach anf\u00e4nglichem Abtasten &hellip; <a href=\"https:\/\/www.tv-forst-handball.de\/cms\/a-jugend-wirft-sich-gegen-walzbachtal-an-die-spitze-der-landesliga\/\" class=\"more-link\"><span class=\"screen-reader-text\">A-Jugend wirft sich gegen Walzbachtal an die Spitze der Landesliga<\/span> weiterlesen <span class=\"meta-nav\">&rarr;<\/span><\/a><\/p>\n","protected":false},"author":1,"featured_media":7522,"comment_status":"closed","ping_status":"open","sticky":false,"template":"","format":"standard","meta":{"footnotes":""},"categories":[8],"tags":[],"class_list":["post-7521","post","type-post","status-publish","format-standard","has-post-thumbnail","hentry","category-a-jugend"],"_links":{"self":[{"href":"https:\/\/www.tv-forst-handball.de\/cms\/wp-json\/wp\/v2\/posts\/7521","targetHints":{"allow":["GET"]}}],"collection":[{"href":"https:\/\/www.tv-forst-handball.de\/cms\/wp-json\/wp\/v2\/posts"}],"about":[{"href":"https:\/\/www.tv-forst-handball.de\/cms\/wp-json\/wp\/v2\/types\/post"}],"author":[{"embeddable":true,"href":"https:\/\/www.tv-forst-handball.de\/cms\/wp-json\/wp\/v2\/users\/1"}],"replies":[{"embeddable":true,"href":"https:\/\/www.tv-forst-handball.de\/cms\/wp-json\/wp\/v2\/comments?post=7521"}],"version-history":[{"count":0,"href":"https:\/\/www.tv-forst-handball.de\/cms\/wp-json\/wp\/v2\/posts\/7521\/revisions"}],"wp:featuredmedia":[{"embeddable":true,"href":"https:\/\/www.tv-forst-handball.de\/cms\/wp-json\/wp\/v2\/media\/7522"}],"wp:attachment":[{"href":"https:\/\/www.tv-forst-handball.de\/cms\/wp-json\/wp\/v2\/media?parent=7521"}],"wp:term":[{"taxonomy":"category","embeddable":true,"href":"https:\/\/www.tv-forst-handball.de\/cms\/wp-json\/wp\/v2\/categories?post=7521"},{"taxonomy":"post_tag","embeddable":true,"href":"https:\/\/www.tv-forst-handball.de\/cms\/wp-json\/wp\/v2\/tags?post=7521"}],"curies":[{"name":"wp","href":"https:\/\/api.w.org\/{rel}","templated":true}]}}