{"id":7553,"date":"2023-12-08T22:49:59","date_gmt":"2023-12-08T21:49:59","guid":{"rendered":"http:\/\/www.tv-forst-handball.de\/cms\/?p=7553"},"modified":"2024-01-13T07:29:23","modified_gmt":"2024-01-13T06:29:23","slug":"grundschulaktionstag-der-2-klassen","status":"publish","type":"post","link":"https:\/\/www.tv-forst-handball.de\/cms\/grundschulaktionstag-der-2-klassen\/","title":{"rendered":"Grundschulaktionstag der 2.Klassen"},"content":{"rendered":"<div class=\"postie-post\">Am Freitag, den 08.12.2023 war es wieder so weit. F\u00fcr die 2.Kl\u00e4ssler der Lu\u00dfhardt-Gemeinschaftsschule Forst-Hambr\u00fccken stand der Grundschulaktionstag auf dem Programm. Zu Fu\u00df ging es f\u00fcr die vier Klassen mit ihren Klassenlehrerinnen zur Waldseehalle. Nach dem Eintreffen wurden die Kinder klassen\u00fcbergreifend, bunt gemischt in kleinen Gruppen zusammengew\u00fcrfelt. Dann konnten sie als Mannschaften beim Matten- und W\u00fcrfelball ihr K\u00f6nnen und ihren Teamgeist unter Beweis stellen. Des Weiteren waren sportliche F\u00e4higkeiten &#8211; mit oder ohne Ball &#8211; an verschiedenen Spielstationen gefragt. Der Korbwurf, der Hindernisparcours oder das Zielwerfen z\u00e4hlten dabei zu den Hauptattraktionen der Kinder. Au\u00dferdem durften sich die einzelnen Mannschaften noch den Handballregelfilm anschauen und wurden dabei mit Wasser und Apfelschnitzen versorgt. Die Freude war den Sch\u00fclerinnen und Sch\u00fclern in den Augen abzulesen. Alle nahmen am Ende des Tages \u00fcbergl\u00fccklich ihre Preise bei der Siegerehrung in Empfang und machten sich auf den Heimweg. Wieder hat es allen viel Spa\u00df gemacht, auf ein Neues im n\u00e4chsten Jahr! Ein gro\u00dfes Dankesch\u00f6n geht an dieser Stelle an die Helfer aus unseren Jugendmannschaften, die Helfer der Lu\u00dfhardt-Gemeinschaftsschule, welche die Gruppen an den verschiedenen Stationen betreut haben, sowie alle anderen Personen, die zu diesem gelungenen Vormittag beigetragen haben.<\/div>\n","protected":false},"excerpt":{"rendered":"<p>Am Freitag, den 08.12.2023 war es wieder so weit. F\u00fcr die 2.Kl\u00e4ssler der Lu\u00dfhardt-Gemeinschaftsschule Forst-Hambr\u00fccken stand der Grundschulaktionstag auf dem Programm. Zu Fu\u00df ging es f\u00fcr die vier Klassen mit ihren Klassenlehrerinnen zur Waldseehalle. Nach dem Eintreffen wurden die Kinder klassen\u00fcbergreifend, bunt gemischt in kleinen Gruppen zusammengew\u00fcrfelt. Dann konnten sie als Mannschaften beim Matten- und &hellip; <a href=\"https:\/\/www.tv-forst-handball.de\/cms\/grundschulaktionstag-der-2-klassen\/\" class=\"more-link\"><span class=\"screen-reader-text\">Grundschulaktionstag der 2.Klassen<\/span> weiterlesen <span class=\"meta-nav\">&rarr;<\/span><\/a><\/p>\n","protected":false},"author":1,"featured_media":0,"comment_status":"closed","ping_status":"closed","sticky":false,"template":"","format":"standard","meta":{"footnotes":""},"categories":[1],"tags":[],"class_list":["post-7553","post","type-post","status-publish","format-standard","hentry","category-allgemein"],"_links":{"self":[{"href":"https:\/\/www.tv-forst-handball.de\/cms\/wp-json\/wp\/v2\/posts\/7553","targetHints":{"allow":["GET"]}}],"collection":[{"href":"https:\/\/www.tv-forst-handball.de\/cms\/wp-json\/wp\/v2\/posts"}],"about":[{"href":"https:\/\/www.tv-forst-handball.de\/cms\/wp-json\/wp\/v2\/types\/post"}],"author":[{"embeddable":true,"href":"https:\/\/www.tv-forst-handball.de\/cms\/wp-json\/wp\/v2\/users\/1"}],"replies":[{"embeddable":true,"href":"https:\/\/www.tv-forst-handball.de\/cms\/wp-json\/wp\/v2\/comments?post=7553"}],"version-history":[{"count":1,"href":"https:\/\/www.tv-forst-handball.de\/cms\/wp-json\/wp\/v2\/posts\/7553\/revisions"}],"predecessor-version":[{"id":7561,"href":"https:\/\/www.tv-forst-handball.de\/cms\/wp-json\/wp\/v2\/posts\/7553\/revisions\/7561"}],"wp:attachment":[{"href":"https:\/\/www.tv-forst-handball.de\/cms\/wp-json\/wp\/v2\/media?parent=7553"}],"wp:term":[{"taxonomy":"category","embeddable":true,"href":"https:\/\/www.tv-forst-handball.de\/cms\/wp-json\/wp\/v2\/categories?post=7553"},{"taxonomy":"post_tag","embeddable":true,"href":"https:\/\/www.tv-forst-handball.de\/cms\/wp-json\/wp\/v2\/tags?post=7553"}],"curies":[{"name":"wp","href":"https:\/\/api.w.org\/{rel}","templated":true}]}}