{"id":7607,"date":"2024-09-08T09:31:05","date_gmt":"2024-09-08T07:31:05","guid":{"rendered":"http:\/\/www.tv-forst-handball.de\/cms\/?p=7607"},"modified":"2024-09-08T09:45:52","modified_gmt":"2024-09-08T07:45:52","slug":"a-jugend-belegt-zweiten-platz-beim-turnier-in-woerth","status":"publish","type":"post","link":"https:\/\/www.tv-forst-handball.de\/cms\/a-jugend-belegt-zweiten-platz-beim-turnier-in-woerth\/","title":{"rendered":"A-Jugend belegt zweiten Platz beim Turnier in W\u00f6rth"},"content":{"rendered":"<div class=\"postie-post\">Zum Abschluss der Sommerferien nahm unsere A-Jugend am vergangenen Freitagabend am traditionellen Hallenturnier in W\u00f6rth teil.<br \/>\nIm ersten Spiel gegen den TV Offenbach lief gleich alles wie am Schn\u00fcrchen. Aus einer gut gestellten Abwehr wurden schnelle Angriffe vorgetragen und so ein deutlicher Erfolg erzielt.<br \/>\nWieder einmal etwas \u00fcberm\u00fctig und eigentlich wohl wissend, dass im zweiten Spiel der st\u00e4rkste Gegner, die mSG W\u00f6rth\/Kandel warten w\u00fcrde, fehlte etwas die Konzentration im Abschluss und der Biss in der Abwehr. So ging man aus der zweiten Begegnung mit einer knappen Niederlage und dem verdienten D\u00e4mpfer.<br \/>\nIm Spiel drei gegen den TV Kirrweiler startete man dann wieder konzentrierter und konnte sich schnell ein paar Tore absetzen. Im Glauben des leichten Erfolges verstrickten sich die Jungs im weiteren Spielverlauf wieder in viele Einzelaktionen und vernachl\u00e4ssigten mehr und mehr die Defensive. So wurde es am Ende auch hier noch dramatisch, als Kirrweiler kurz vor Ende mit einem sehenswerten Kempa-Tor ausglich, unsere Jungs dann aber doch noch den Siegtreffer markieren konnten.<br \/>\nSomit war uns der zweite Turnierplatz sicher.<br \/>\nInsgesamt darf man mit dem Auftritt in W\u00f6rth zufrieden sein. Die Mannschaft hat phasenweise gezeigt, was sie draufhat, aber hoffentlich auch gelernt, dass Handballspiele nur mit der notwendigen Einstellung gewonnen werden k\u00f6nnen.<\/p>\n<p>Es spielten: Elias Just, Fabio K\u00f6hler, Simon Mohr (im Tor), Jakob Megerle, Silas Schmitt, Matthis Berdyn, Marvin Oetter, Noah Wiedemann, Maurice M\u00f6ssner, Leander Mohr, Anton Lackus, Linus Keller<\/p><\/div>\n","protected":false},"excerpt":{"rendered":"<p>Zum Abschluss der Sommerferien nahm unsere A-Jugend am vergangenen Freitagabend am traditionellen Hallenturnier in W\u00f6rth teil. Im ersten Spiel gegen den TV Offenbach lief gleich alles wie am Schn\u00fcrchen. Aus einer gut gestellten Abwehr wurden schnelle Angriffe vorgetragen und so ein deutlicher Erfolg erzielt. Wieder einmal etwas \u00fcberm\u00fctig und eigentlich wohl wissend, dass im zweiten &hellip; <a href=\"https:\/\/www.tv-forst-handball.de\/cms\/a-jugend-belegt-zweiten-platz-beim-turnier-in-woerth\/\" class=\"more-link\"><span class=\"screen-reader-text\">A-Jugend belegt zweiten Platz beim Turnier in W\u00f6rth<\/span> weiterlesen <span class=\"meta-nav\">&rarr;<\/span><\/a><\/p>\n","protected":false},"author":1,"featured_media":7608,"comment_status":"closed","ping_status":"","sticky":false,"template":"","format":"standard","meta":{"footnotes":""},"categories":[8],"tags":[],"class_list":["post-7607","post","type-post","status-publish","format-standard","has-post-thumbnail","hentry","category-a-jugend"],"_links":{"self":[{"href":"https:\/\/www.tv-forst-handball.de\/cms\/wp-json\/wp\/v2\/posts\/7607","targetHints":{"allow":["GET"]}}],"collection":[{"href":"https:\/\/www.tv-forst-handball.de\/cms\/wp-json\/wp\/v2\/posts"}],"about":[{"href":"https:\/\/www.tv-forst-handball.de\/cms\/wp-json\/wp\/v2\/types\/post"}],"author":[{"embeddable":true,"href":"https:\/\/www.tv-forst-handball.de\/cms\/wp-json\/wp\/v2\/users\/1"}],"replies":[{"embeddable":true,"href":"https:\/\/www.tv-forst-handball.de\/cms\/wp-json\/wp\/v2\/comments?post=7607"}],"version-history":[{"count":0,"href":"https:\/\/www.tv-forst-handball.de\/cms\/wp-json\/wp\/v2\/posts\/7607\/revisions"}],"wp:featuredmedia":[{"embeddable":true,"href":"https:\/\/www.tv-forst-handball.de\/cms\/wp-json\/wp\/v2\/media\/7608"}],"wp:attachment":[{"href":"https:\/\/www.tv-forst-handball.de\/cms\/wp-json\/wp\/v2\/media?parent=7607"}],"wp:term":[{"taxonomy":"category","embeddable":true,"href":"https:\/\/www.tv-forst-handball.de\/cms\/wp-json\/wp\/v2\/categories?post=7607"},{"taxonomy":"post_tag","embeddable":true,"href":"https:\/\/www.tv-forst-handball.de\/cms\/wp-json\/wp\/v2\/tags?post=7607"}],"curies":[{"name":"wp","href":"https:\/\/api.w.org\/{rel}","templated":true}]}}