{"id":7698,"date":"2024-11-24T16:36:28","date_gmt":"2024-11-24T15:36:28","guid":{"rendered":"http:\/\/www.tv-forst-handball.de\/cms\/?p=7698"},"modified":"2024-11-24T16:46:01","modified_gmt":"2024-11-24T15:46:01","slug":"supermini-spielfest-in-graben","status":"publish","type":"post","link":"https:\/\/www.tv-forst-handball.de\/cms\/supermini-spielfest-in-graben\/","title":{"rendered":"SuperMini-Spielfest in Graben"},"content":{"rendered":"<div class=\"postie-post\">Zum ersten Spieltag der Saison waren wir am vergangenen Samstag mit unseren SupeMinis zum Spieltag bei der SG Graben-Neudorf zu Gast. In der Sporthalle Neudorf konnten wir uns mit anderen Mannschaften im K\u00f6nigsball und Handball messen. Neben den Spielen standen f\u00fcr die Kinder verschiedene Koordinations-Stationen bereit, an denen sie toben und ihr koordinatives Geschick erproben konnten.<br \/>\nWie immer waren alle Kinder mit gro\u00dfer Begeisterung bei der Sache. Sie zeigten in den Spielen schon gute Fortschritte und steigerten sich von Spiel zu Spiel.<br \/>\nVor allem aber hatten alle wieder viel Spa\u00df am Spiel und durften bei der abschlie\u00dfenden Siegerehrung eine neue Medaille zu Ihrer Sammlung hinzuf\u00fcgen. Ganz sch\u00f6n geschafft von den zahlreichen Spielen traten wir danach die Heimreise nach Forst an.<\/div>\n","protected":false},"excerpt":{"rendered":"<p>Zum ersten Spieltag der Saison waren wir am vergangenen Samstag mit unseren SupeMinis zum Spieltag bei der SG Graben-Neudorf zu Gast. In der Sporthalle Neudorf konnten wir uns mit anderen Mannschaften im K\u00f6nigsball und Handball messen. Neben den Spielen standen f\u00fcr die Kinder verschiedene Koordinations-Stationen bereit, an denen sie toben und ihr koordinatives Geschick erproben &hellip; <a href=\"https:\/\/www.tv-forst-handball.de\/cms\/supermini-spielfest-in-graben\/\" class=\"more-link\"><span class=\"screen-reader-text\">SuperMini-Spielfest in Graben<\/span> weiterlesen <span class=\"meta-nav\">&rarr;<\/span><\/a><\/p>\n","protected":false},"author":1,"featured_media":7699,"comment_status":"closed","ping_status":"","sticky":false,"template":"","format":"standard","meta":{"footnotes":""},"categories":[14],"tags":[],"class_list":["post-7698","post","type-post","status-publish","format-standard","has-post-thumbnail","hentry","category-superminis"],"_links":{"self":[{"href":"https:\/\/www.tv-forst-handball.de\/cms\/wp-json\/wp\/v2\/posts\/7698","targetHints":{"allow":["GET"]}}],"collection":[{"href":"https:\/\/www.tv-forst-handball.de\/cms\/wp-json\/wp\/v2\/posts"}],"about":[{"href":"https:\/\/www.tv-forst-handball.de\/cms\/wp-json\/wp\/v2\/types\/post"}],"author":[{"embeddable":true,"href":"https:\/\/www.tv-forst-handball.de\/cms\/wp-json\/wp\/v2\/users\/1"}],"replies":[{"embeddable":true,"href":"https:\/\/www.tv-forst-handball.de\/cms\/wp-json\/wp\/v2\/comments?post=7698"}],"version-history":[{"count":0,"href":"https:\/\/www.tv-forst-handball.de\/cms\/wp-json\/wp\/v2\/posts\/7698\/revisions"}],"wp:featuredmedia":[{"embeddable":true,"href":"https:\/\/www.tv-forst-handball.de\/cms\/wp-json\/wp\/v2\/media\/7699"}],"wp:attachment":[{"href":"https:\/\/www.tv-forst-handball.de\/cms\/wp-json\/wp\/v2\/media?parent=7698"}],"wp:term":[{"taxonomy":"category","embeddable":true,"href":"https:\/\/www.tv-forst-handball.de\/cms\/wp-json\/wp\/v2\/categories?post=7698"},{"taxonomy":"post_tag","embeddable":true,"href":"https:\/\/www.tv-forst-handball.de\/cms\/wp-json\/wp\/v2\/tags?post=7698"}],"curies":[{"name":"wp","href":"https:\/\/api.w.org\/{rel}","templated":true}]}}