{"id":7725,"date":"2025-04-02T19:43:17","date_gmt":"2025-04-02T17:43:17","guid":{"rendered":"http:\/\/www.tv-forst-handball.de\/cms\/?p=7725"},"modified":"2025-04-02T19:45:55","modified_gmt":"2025-04-02T17:45:55","slug":"herausragende-koordinative-leistungen-2","status":"publish","type":"post","link":"https:\/\/www.tv-forst-handball.de\/cms\/herausragende-koordinative-leistungen-2\/","title":{"rendered":"Herausragende koordinative Leistungen"},"content":{"rendered":"<div class=\"postie-post\">Veranstaltet vom TV Forst und der Volksbank Kraichgau fand am 29.03.2025 der VR-Talentiade-Verbandsentscheid, das Finale des landesweiten Koordinationswettkampfes in der Sporthalle der Balthasar-Neumann-Schulen in Bruchsal statt.<br \/>\nDie teilnehmenden M\u00e4dchen und Jungen der Jahrg\u00e4nge 2014 und j\u00fcnger hatten sich zuvor in Kreis- und Bezirksentscheiden das Ticket f\u00fcrs Finale in Forst gesichert. Somit kam es dort zum Aufeinandertreffen der 60 talentiertesten Kinder der Handballkreise des Badischen Handballverbandes.<br \/>\nIn einem hochklassigen Wettkampf, bestehend aus vier verschiedenen koordinativen \u00dcbungen, waren herausragende Leistungen zu beobachten. Am Ende hatte Mia Sledz von der HC Mannheim Vogelstang die Nase knapp vorne. Auf Rang zwei und drei folgten Marie Heidt vom TV Knielingen und Felix Heinz von der SG Heddesheim. Diese drei werden in das VR-Talentiade-Team des badischen Handballverbandes berufen und d\u00fcrfen dort sportliche Highlights erleben.<br \/>\nAuf den Pl\u00e4tzen 4 &#8211; 20 waren mit Joshua Sexauer, Carl Heing\u00e4rtner und Jan Eric Koppetsch gleich drei weitere Spieler des TV Forst vertreten, die sich auf einen Sporttag an der Sportschule Sch\u00f6neck in Karlsruhe freuen d\u00fcrfen. Alena Becker komplettierte knapp dahinter den tollen Erfolg f\u00fcr den TV Forst. Herzlichen Gl\u00fcckwunsch an alle Teilnehmer!<br \/>\nEinen besonderen Glanzpunkt der Veranstaltung setzten dann am Ende alle Teilnehmer gemeinsam. An einer Station hatten die einzelnen Gruppen einen Handball-Flashmob einstudiert, der den mitgereisten Zuschauern vor der Siegerehrung pr\u00e4sentiert wurde. Vom Publikum wurde dieser mit gro\u00dfem Applaus honoriert.<\/div>\n","protected":false},"excerpt":{"rendered":"<p>Veranstaltet vom TV Forst und der Volksbank Kraichgau fand am 29.03.2025 der VR-Talentiade-Verbandsentscheid, das Finale des landesweiten Koordinationswettkampfes in der Sporthalle der Balthasar-Neumann-Schulen in Bruchsal statt. Die teilnehmenden M\u00e4dchen und Jungen der Jahrg\u00e4nge 2014 und j\u00fcnger hatten sich zuvor in Kreis- und Bezirksentscheiden das Ticket f\u00fcrs Finale in Forst gesichert. Somit kam es dort zum &hellip; <a href=\"https:\/\/www.tv-forst-handball.de\/cms\/herausragende-koordinative-leistungen-2\/\" class=\"more-link\"><span class=\"screen-reader-text\">Herausragende koordinative Leistungen<\/span> weiterlesen <span class=\"meta-nav\">&rarr;<\/span><\/a><\/p>\n","protected":false},"author":1,"featured_media":7726,"comment_status":"closed","ping_status":"","sticky":false,"template":"","format":"standard","meta":{"footnotes":""},"categories":[1],"tags":[],"class_list":["post-7725","post","type-post","status-publish","format-standard","has-post-thumbnail","hentry","category-allgemein"],"_links":{"self":[{"href":"https:\/\/www.tv-forst-handball.de\/cms\/wp-json\/wp\/v2\/posts\/7725","targetHints":{"allow":["GET"]}}],"collection":[{"href":"https:\/\/www.tv-forst-handball.de\/cms\/wp-json\/wp\/v2\/posts"}],"about":[{"href":"https:\/\/www.tv-forst-handball.de\/cms\/wp-json\/wp\/v2\/types\/post"}],"author":[{"embeddable":true,"href":"https:\/\/www.tv-forst-handball.de\/cms\/wp-json\/wp\/v2\/users\/1"}],"replies":[{"embeddable":true,"href":"https:\/\/www.tv-forst-handball.de\/cms\/wp-json\/wp\/v2\/comments?post=7725"}],"version-history":[{"count":0,"href":"https:\/\/www.tv-forst-handball.de\/cms\/wp-json\/wp\/v2\/posts\/7725\/revisions"}],"wp:featuredmedia":[{"embeddable":true,"href":"https:\/\/www.tv-forst-handball.de\/cms\/wp-json\/wp\/v2\/media\/7726"}],"wp:attachment":[{"href":"https:\/\/www.tv-forst-handball.de\/cms\/wp-json\/wp\/v2\/media?parent=7725"}],"wp:term":[{"taxonomy":"category","embeddable":true,"href":"https:\/\/www.tv-forst-handball.de\/cms\/wp-json\/wp\/v2\/categories?post=7725"},{"taxonomy":"post_tag","embeddable":true,"href":"https:\/\/www.tv-forst-handball.de\/cms\/wp-json\/wp\/v2\/tags?post=7725"}],"curies":[{"name":"wp","href":"https:\/\/api.w.org\/{rel}","templated":true}]}}