{"id":7746,"date":"2025-06-30T10:56:28","date_gmt":"2025-06-30T08:56:28","guid":{"rendered":"http:\/\/www.tv-forst-handball.de\/cms\/?p=7746"},"modified":"2025-06-30T11:15:21","modified_gmt":"2025-06-30T09:15:21","slug":"b1-jugend-tv-forst-qualifiziert-sich-fuer-die-oberliga-baden-wuerttemberg","status":"publish","type":"post","link":"https:\/\/www.tv-forst-handball.de\/cms\/b1-jugend-tv-forst-qualifiziert-sich-fuer-die-oberliga-baden-wuerttemberg\/","title":{"rendered":"B1-Jugend: TV Forst qualifiziert sich f\u00fcr die Oberliga Baden-W\u00fcrttemberg"},"content":{"rendered":"<div class=\"postie-post\">TV Forst &#8211; HV Rot-Wei\u00df Laupheim 38:27 (19:12)<br \/>\nAm vergangenen Samstag stand das Entscheidungsspiel zwischen dem TV Forst und Rot-Wei\u00df Laupheim an. Die Ausgangslage war klar, nur der Sieger qualifiziert sich f\u00fcr die Oberliga Baden-W\u00fcrttemberg. Nach einem z\u00f6gerlichen Start schaffte es die Mannschaft um Kapit\u00e4n Max Leibold, sich St\u00fcck f\u00fcr St\u00fcck abzusetzen. P\u00fcnktlich mit der Halbzeitsirene erzielte Nils Pusch das 19:12 f\u00fcr das Heimteam.<br \/>\nGetragen von der lautstarken Unterst\u00fctzung der weiteren Jugendmannschaften sowie der Herrenteams lie\u00df man in der zweiten Halbzeit nichts mehr anbrennen. So stand nach 50 Minuten ein souver\u00e4nes 38:27 auf der Anzeigetafel.<br \/>\nNach einem wahren Marathon durch die diesj\u00e4hrige Qualifikationsrunde mit insgesamt 13 Spielen qualifiziert sich nach der A-Jugend nun auch die B-Jugend f\u00fcr die Oberliga Baden-W\u00fcrttemberg. Nun steht eine kurzen Sommerpause an bevor das Team in die Vorbereitung startet, um sich bestm\u00f6glich auf die anderen Mannschaften \u2013 \u00fcberwiegend aus dem Stuttgarter Raum \u2013 vorzubereiten.<br \/>\nEin gro\u00dfes Dankesch\u00f6n gilt allen Zuschauern f\u00fcr die lautstarke Unterst\u00fctzung sowie allen Helfern und Eltern f\u00fcr die Organisation!<br \/>\nZum erfolgreichen Quali-Team geh\u00f6rten: Im Tor: Noah Herbstreit, Leon Schwab<br \/>\nFeldspieler: Max Leibold (10), Finley Kulz (8), Valentin B\u00f6ser (4), Nils Pusch (4), Noah Penhallegon (3), Luis Fischer (2), Wael Kassrioui (2), Maximilian Scherke (2), Tino K\u00f6hler (2), Elias Schneider (1), Noah Stellberg, Simon Bieler, Pascal Brill<\/div>\n","protected":false},"excerpt":{"rendered":"<p>TV Forst &#8211; HV Rot-Wei\u00df Laupheim 38:27 (19:12) Am vergangenen Samstag stand das Entscheidungsspiel zwischen dem TV Forst und Rot-Wei\u00df Laupheim an. Die Ausgangslage war klar, nur der Sieger qualifiziert sich f\u00fcr die Oberliga Baden-W\u00fcrttemberg. Nach einem z\u00f6gerlichen Start schaffte es die Mannschaft um Kapit\u00e4n Max Leibold, sich St\u00fcck f\u00fcr St\u00fcck abzusetzen. P\u00fcnktlich mit der &hellip; <a href=\"https:\/\/www.tv-forst-handball.de\/cms\/b1-jugend-tv-forst-qualifiziert-sich-fuer-die-oberliga-baden-wuerttemberg\/\" class=\"more-link\"><span class=\"screen-reader-text\">B1-Jugend: TV Forst qualifiziert sich f\u00fcr die Oberliga Baden-W\u00fcrttemberg<\/span> weiterlesen <span class=\"meta-nav\">&rarr;<\/span><\/a><\/p>\n","protected":false},"author":1,"featured_media":7747,"comment_status":"closed","ping_status":"","sticky":false,"template":"","format":"standard","meta":{"footnotes":""},"categories":[1],"tags":[],"class_list":["post-7746","post","type-post","status-publish","format-standard","has-post-thumbnail","hentry","category-allgemein"],"_links":{"self":[{"href":"https:\/\/www.tv-forst-handball.de\/cms\/wp-json\/wp\/v2\/posts\/7746","targetHints":{"allow":["GET"]}}],"collection":[{"href":"https:\/\/www.tv-forst-handball.de\/cms\/wp-json\/wp\/v2\/posts"}],"about":[{"href":"https:\/\/www.tv-forst-handball.de\/cms\/wp-json\/wp\/v2\/types\/post"}],"author":[{"embeddable":true,"href":"https:\/\/www.tv-forst-handball.de\/cms\/wp-json\/wp\/v2\/users\/1"}],"replies":[{"embeddable":true,"href":"https:\/\/www.tv-forst-handball.de\/cms\/wp-json\/wp\/v2\/comments?post=7746"}],"version-history":[{"count":0,"href":"https:\/\/www.tv-forst-handball.de\/cms\/wp-json\/wp\/v2\/posts\/7746\/revisions"}],"wp:featuredmedia":[{"embeddable":true,"href":"https:\/\/www.tv-forst-handball.de\/cms\/wp-json\/wp\/v2\/media\/7747"}],"wp:attachment":[{"href":"https:\/\/www.tv-forst-handball.de\/cms\/wp-json\/wp\/v2\/media?parent=7746"}],"wp:term":[{"taxonomy":"category","embeddable":true,"href":"https:\/\/www.tv-forst-handball.de\/cms\/wp-json\/wp\/v2\/categories?post=7746"},{"taxonomy":"post_tag","embeddable":true,"href":"https:\/\/www.tv-forst-handball.de\/cms\/wp-json\/wp\/v2\/tags?post=7746"}],"curies":[{"name":"wp","href":"https:\/\/api.w.org\/{rel}","templated":true}]}}