{"id":7809,"date":"2025-10-20T21:33:45","date_gmt":"2025-10-20T19:33:45","guid":{"rendered":"https:\/\/www.tv-forst-handball.de\/cms\/?p=7809"},"modified":"2025-10-20T21:44:33","modified_gmt":"2025-10-20T19:44:33","slug":"erstes-spielfest-der-f-jugend-in-graben-neudorf","status":"publish","type":"post","link":"https:\/\/www.tv-forst-handball.de\/cms\/erstes-spielfest-der-f-jugend-in-graben-neudorf\/","title":{"rendered":"Erstes Spielfest der F-Jugend in Graben-Neudorf"},"content":{"rendered":"<div class=\"postie-post\">Am vergangenen Sonntag waren wir mit unserer F-Jugend beim Spieltag bei der SG Graben\/Neudorf zu Gast. In der Adolf-Ku\u00dfmaul-Halle standen uns die Mannschaften aus Graben\/Neudorf, Hambr\u00fccken\/Weiher, Bad Sch\u00f6nborn und Heidelsheim\/Helmsheim\/Gondelsheim  gegen\u00fcber.<br \/>\nIm Handball und im neuen Spiel \u0084Funino\u0093 konnten wir uns mit den anderen Mannschaften messen. Unsere Kids zeigten in diesen Spielen schon viele Fortschritte und steigerten sich von Spiel zu Spiel. Neben den Spielen standen f\u00fcr die Kinder wieder verschiedene Koordinations-Stationen bereit, an denen weitere Herausforderungen warteten..<br \/>\nWie immer hatten alle wieder viel Spa\u00df am Spiel und durften bei der abschlie\u00dfenden Siegerehrung eine neue Medaille zu Ihrer Sammlung hinzuf\u00fcgen.<\/div>\n","protected":false},"excerpt":{"rendered":"<p>Am vergangenen Sonntag waren wir mit unserer F-Jugend beim Spieltag bei der SG Graben\/Neudorf zu Gast. In der Adolf-Ku\u00dfmaul-Halle standen uns die Mannschaften aus Graben\/Neudorf, Hambr\u00fccken\/Weiher, Bad Sch\u00f6nborn und Heidelsheim\/Helmsheim\/Gondelsheim gegen\u00fcber. Im Handball und im neuen Spiel \u0084Funino\u0093 konnten wir uns mit den anderen Mannschaften messen. Unsere Kids zeigten in diesen Spielen schon viele Fortschritte &hellip; <a href=\"https:\/\/www.tv-forst-handball.de\/cms\/erstes-spielfest-der-f-jugend-in-graben-neudorf\/\" class=\"more-link\"><span class=\"screen-reader-text\">Erstes Spielfest der F-Jugend in Graben-Neudorf<\/span> weiterlesen <span class=\"meta-nav\">&rarr;<\/span><\/a><\/p>\n","protected":false},"author":1,"featured_media":7810,"comment_status":"closed","ping_status":"","sticky":false,"template":"","format":"standard","meta":{"footnotes":""},"categories":[13],"tags":[],"class_list":["post-7809","post","type-post","status-publish","format-standard","has-post-thumbnail","hentry","category-f-jugend"],"_links":{"self":[{"href":"https:\/\/www.tv-forst-handball.de\/cms\/wp-json\/wp\/v2\/posts\/7809","targetHints":{"allow":["GET"]}}],"collection":[{"href":"https:\/\/www.tv-forst-handball.de\/cms\/wp-json\/wp\/v2\/posts"}],"about":[{"href":"https:\/\/www.tv-forst-handball.de\/cms\/wp-json\/wp\/v2\/types\/post"}],"author":[{"embeddable":true,"href":"https:\/\/www.tv-forst-handball.de\/cms\/wp-json\/wp\/v2\/users\/1"}],"replies":[{"embeddable":true,"href":"https:\/\/www.tv-forst-handball.de\/cms\/wp-json\/wp\/v2\/comments?post=7809"}],"version-history":[{"count":0,"href":"https:\/\/www.tv-forst-handball.de\/cms\/wp-json\/wp\/v2\/posts\/7809\/revisions"}],"wp:featuredmedia":[{"embeddable":true,"href":"https:\/\/www.tv-forst-handball.de\/cms\/wp-json\/wp\/v2\/media\/7810"}],"wp:attachment":[{"href":"https:\/\/www.tv-forst-handball.de\/cms\/wp-json\/wp\/v2\/media?parent=7809"}],"wp:term":[{"taxonomy":"category","embeddable":true,"href":"https:\/\/www.tv-forst-handball.de\/cms\/wp-json\/wp\/v2\/categories?post=7809"},{"taxonomy":"post_tag","embeddable":true,"href":"https:\/\/www.tv-forst-handball.de\/cms\/wp-json\/wp\/v2\/tags?post=7809"}],"curies":[{"name":"wp","href":"https:\/\/api.w.org\/{rel}","templated":true}]}}