{"id":7818,"date":"2025-12-01T21:33:46","date_gmt":"2025-12-01T20:33:46","guid":{"rendered":"https:\/\/www.tv-forst-handball.de\/cms\/?p=7818"},"modified":"2025-12-01T21:46:26","modified_gmt":"2025-12-01T20:46:26","slug":"e-jugend-beim-mini-wm-finale-in-stuttgart","status":"publish","type":"post","link":"https:\/\/www.tv-forst-handball.de\/cms\/e-jugend-beim-mini-wm-finale-in-stuttgart\/","title":{"rendered":"E-Jugend beim Mini-WM-Finale in Stuttgart"},"content":{"rendered":"<div class=\"postie-post\">Am vergangenen Samstag machte sich unsere E-Jugend am fr\u00fchen Morgen nach Stuttgart auf, um sich dort beim Finalturnier der Mini-WM mit den neun besten E-Jugend-Mannschaften Baden-W\u00fcrttembergs zu messen. Ein spannendes Ereignis, dem alle bereits mit gro\u00dfer Vorfreude entgegenfieberten.<br \/>\nDas Turnier in der Flatow-Halle in Wangen startete zun\u00e4chst mit einer festlichen Er\u00f6ffnung, bei der alle Mannschaften unter lautem Get\u00f6se der Fans einliefen und damit ihren Verein und die vertretene Nation repr\u00e4sentierten. Wie im Vorturnier gingen unsere Kinder wieder als Team \u0084Kuba\u0093 an den Start.<br \/>\nGleich in der Vorrunde des Turniers sollten dann zwei ganz dicke Brocken auf uns warten. Mit dem Nachwuchs von Frisch auf G\u00f6ppingen und der HSG Konstanz bekamen wir es mit den beiden sp\u00e4teren Finalisten des Turniers zu tun. Gegen beide Teams w\u00e4re sicher mehr drin gewesen, als unsere Kids gezeigt haben, aber im uns ungewohnten Spielsystem 4+1 ohne Prellen, waren die beiden Gegner an diesem Tag einfach besser. W\u00e4hrend diese danach durchs Turnier bis ins Finale pfl\u00fcgten, mussten wir uns mit der Platzierungsrunde begn\u00fcgen.<br \/>\nAuch wenn sich unser Team dort immer noch weit weg von Normalform pr\u00e4sentierte, konnten die beiden Spiele und damit die Platzierungsrunde gewonnen werden. Somit belegte man am Ende eine hervorragenden siebten Platz in einem Turnier mit durchweg hochklassigen Mannschaften, welche alle die Turniere in ihren Bezirken gewonnen hatten. Ein toller Erfolg f\u00fcr die Kids und den TV Forst, auf den alle richtig stolz sein d\u00fcrfen.<br \/>\nIm Anschluss an das Turnier zogen die meisten dann noch weiter in die Porsche-Arena in Stuttgart, um dort noch zwei Vorrundenspiele der Handball-WM der Frauen zu erleben. Nach einem spannenden, erlebnisreichen, anstrengenden, aufregenden, lehrreichen, eindrucksvollen, ganz ganz tollen Tag, kehrte der ganze Tross sp\u00e4t in der Nacht nach Forst zur\u00fcck.<\/div>\n","protected":false},"excerpt":{"rendered":"<p>Am vergangenen Samstag machte sich unsere E-Jugend am fr\u00fchen Morgen nach Stuttgart auf, um sich dort beim Finalturnier der Mini-WM mit den neun besten E-Jugend-Mannschaften Baden-W\u00fcrttembergs zu messen. Ein spannendes Ereignis, dem alle bereits mit gro\u00dfer Vorfreude entgegenfieberten. Das Turnier in der Flatow-Halle in Wangen startete zun\u00e4chst mit einer festlichen Er\u00f6ffnung, bei der alle Mannschaften &hellip; <a href=\"https:\/\/www.tv-forst-handball.de\/cms\/e-jugend-beim-mini-wm-finale-in-stuttgart\/\" class=\"more-link\"><span class=\"screen-reader-text\">E-Jugend beim Mini-WM-Finale in Stuttgart<\/span> weiterlesen <span class=\"meta-nav\">&rarr;<\/span><\/a><\/p>\n","protected":false},"author":1,"featured_media":7819,"comment_status":"closed","ping_status":"","sticky":false,"template":"","format":"standard","meta":{"footnotes":""},"categories":[1],"tags":[],"class_list":["post-7818","post","type-post","status-publish","format-standard","has-post-thumbnail","hentry","category-allgemein"],"_links":{"self":[{"href":"https:\/\/www.tv-forst-handball.de\/cms\/wp-json\/wp\/v2\/posts\/7818","targetHints":{"allow":["GET"]}}],"collection":[{"href":"https:\/\/www.tv-forst-handball.de\/cms\/wp-json\/wp\/v2\/posts"}],"about":[{"href":"https:\/\/www.tv-forst-handball.de\/cms\/wp-json\/wp\/v2\/types\/post"}],"author":[{"embeddable":true,"href":"https:\/\/www.tv-forst-handball.de\/cms\/wp-json\/wp\/v2\/users\/1"}],"replies":[{"embeddable":true,"href":"https:\/\/www.tv-forst-handball.de\/cms\/wp-json\/wp\/v2\/comments?post=7818"}],"version-history":[{"count":0,"href":"https:\/\/www.tv-forst-handball.de\/cms\/wp-json\/wp\/v2\/posts\/7818\/revisions"}],"wp:featuredmedia":[{"embeddable":true,"href":"https:\/\/www.tv-forst-handball.de\/cms\/wp-json\/wp\/v2\/media\/7819"}],"wp:attachment":[{"href":"https:\/\/www.tv-forst-handball.de\/cms\/wp-json\/wp\/v2\/media?parent=7818"}],"wp:term":[{"taxonomy":"category","embeddable":true,"href":"https:\/\/www.tv-forst-handball.de\/cms\/wp-json\/wp\/v2\/categories?post=7818"},{"taxonomy":"post_tag","embeddable":true,"href":"https:\/\/www.tv-forst-handball.de\/cms\/wp-json\/wp\/v2\/tags?post=7818"}],"curies":[{"name":"wp","href":"https:\/\/api.w.org\/{rel}","templated":true}]}}